{"id":987,"date":"2022-08-10T21:17:09","date_gmt":"2022-08-10T19:17:09","guid":{"rendered":"https:\/\/www.kalbus.de\/?p=987"},"modified":"2022-08-10T21:17:09","modified_gmt":"2022-08-10T19:17:09","slug":"fredriksborg","status":"publish","type":"post","link":"https:\/\/www.kalbus.de\/?p=987","title":{"rendered":"Fredriksborg"},"content":{"rendered":"\n<p>Mein Plan f\u00fcr den Tag sah eigentlich ganz anders aus. Kopenhagen sollte es werden. Also vor zur Rezeption und nach dem besten Weg nach Kopenhagen gefragt. Auto, Bus und Bahn oder etwas ganz anderes. Wenn ich zu mehreren w\u00e4re, w\u00fcrde sich das Parken in Kopenhagen lohnen, aber alleine sicher nicht. Aber irgendwie hatte ich heute keine Lust auf die \u00d6ffentlichen. Vielleicht sind die hier in D\u00e4nemark ja viel besser, aber das kann ich ja noch ausprobieren. <\/p>\n\n\n\n<figure class=\"wp-block-image size-large\"><img loading=\"lazy\" decoding=\"async\" width=\"1024\" height=\"683\" src=\"https:\/\/www.kalbus.de\/wp-content\/uploads\/2022\/08\/DSCF8953-1024x683.jpg\" alt=\"\" class=\"wp-image-988\" srcset=\"https:\/\/www.kalbus.de\/wp-content\/uploads\/2022\/08\/DSCF8953-1024x683.jpg 1024w, https:\/\/www.kalbus.de\/wp-content\/uploads\/2022\/08\/DSCF8953-300x200.jpg 300w, https:\/\/www.kalbus.de\/wp-content\/uploads\/2022\/08\/DSCF8953-768x512.jpg 768w, https:\/\/www.kalbus.de\/wp-content\/uploads\/2022\/08\/DSCF8953-1536x1024.jpg 1536w, https:\/\/www.kalbus.de\/wp-content\/uploads\/2022\/08\/DSCF8953.jpg 1800w\" sizes=\"auto, (max-width: 1024px) 100vw, 1024px\" \/><\/figure>\n\n\n\n<p>In meinen Vorbereitungen hatte ich mir ja einige Ziele ausgesucht und Fredriksborg war eines davon. In der Schlosskirche wurden alle K\u00f6nige D\u00e4nemarks gesalbt und alle K\u00f6nigskinder getauft, also auch ein wichtiger Ort f\u00fcr die D\u00e4nischen K\u00f6nige. <\/p>\n\n\n\n<figure class=\"wp-block-image size-large\"><img loading=\"lazy\" decoding=\"async\" width=\"683\" height=\"1024\" src=\"https:\/\/www.kalbus.de\/wp-content\/uploads\/2022\/08\/DSCF8963-683x1024.jpg\" alt=\"\" class=\"wp-image-989\" srcset=\"https:\/\/www.kalbus.de\/wp-content\/uploads\/2022\/08\/DSCF8963-683x1024.jpg 683w, https:\/\/www.kalbus.de\/wp-content\/uploads\/2022\/08\/DSCF8963-200x300.jpg 200w, https:\/\/www.kalbus.de\/wp-content\/uploads\/2022\/08\/DSCF8963-768x1152.jpg 768w, https:\/\/www.kalbus.de\/wp-content\/uploads\/2022\/08\/DSCF8963-1024x1536.jpg 1024w, https:\/\/www.kalbus.de\/wp-content\/uploads\/2022\/08\/DSCF8963-rotated.jpg 1200w\" sizes=\"auto, (max-width: 683px) 100vw, 683px\" \/><\/figure>\n\n\n\n<p>Fredriksborg liegt auf drei Inseln mitten in einem See, mitten in einer Stadt, aber davon merkt man im Park und im Schloss nicht viel.<\/p>\n\n\n\n<figure class=\"wp-block-image size-large\"><img loading=\"lazy\" decoding=\"async\" width=\"1024\" height=\"683\" src=\"https:\/\/www.kalbus.de\/wp-content\/uploads\/2022\/08\/DSCF8955-1024x683.jpg\" alt=\"\" class=\"wp-image-990\" srcset=\"https:\/\/www.kalbus.de\/wp-content\/uploads\/2022\/08\/DSCF8955-1024x683.jpg 1024w, https:\/\/www.kalbus.de\/wp-content\/uploads\/2022\/08\/DSCF8955-300x200.jpg 300w, https:\/\/www.kalbus.de\/wp-content\/uploads\/2022\/08\/DSCF8955-768x512.jpg 768w, https:\/\/www.kalbus.de\/wp-content\/uploads\/2022\/08\/DSCF8955-1536x1024.jpg 1536w, https:\/\/www.kalbus.de\/wp-content\/uploads\/2022\/08\/DSCF8955.jpg 1800w\" sizes=\"auto, (max-width: 1024px) 100vw, 1024px\" \/><\/figure>\n\n\n\n<p>Bei meinem Besuch im Dom zu Roskilde habe ich mich noch \u00fcber die Christians und Frederiks gewundert und sie wunderbar durcheinander gebracht. Hier im Schloss hat sich jeder der K\u00f6nige mit seinen Initialen + Nummer verewigt.<\/p>\n\n\n\n<figure class=\"wp-block-image size-large\"><img loading=\"lazy\" decoding=\"async\" width=\"683\" height=\"1024\" src=\"https:\/\/www.kalbus.de\/wp-content\/uploads\/2022\/08\/DSCF8958-683x1024.jpg\" alt=\"\" class=\"wp-image-991\" srcset=\"https:\/\/www.kalbus.de\/wp-content\/uploads\/2022\/08\/DSCF8958-683x1024.jpg 683w, https:\/\/www.kalbus.de\/wp-content\/uploads\/2022\/08\/DSCF8958-200x300.jpg 200w, https:\/\/www.kalbus.de\/wp-content\/uploads\/2022\/08\/DSCF8958-768x1152.jpg 768w, https:\/\/www.kalbus.de\/wp-content\/uploads\/2022\/08\/DSCF8958-1024x1536.jpg 1024w, https:\/\/www.kalbus.de\/wp-content\/uploads\/2022\/08\/DSCF8958-rotated.jpg 1200w\" sizes=\"auto, (max-width: 683px) 100vw, 683px\" \/><\/figure>\n\n\n\n<p>Wie unschwer zu erkennen, ist der Brunnen im Schlosshof von Christian dem 4. und so zieht sich das durch das ganze Schloss von F1 bis C4 ist alles dabei. Die waren schon clever &#8211; so bringt man sie nicht durcheinander.<\/p>\n\n\n\n<figure class=\"wp-block-image size-large\"><img loading=\"lazy\" decoding=\"async\" width=\"683\" height=\"1024\" src=\"https:\/\/www.kalbus.de\/wp-content\/uploads\/2022\/08\/DSCF8969-683x1024.jpg\" alt=\"\" class=\"wp-image-992\" srcset=\"https:\/\/www.kalbus.de\/wp-content\/uploads\/2022\/08\/DSCF8969-683x1024.jpg 683w, https:\/\/www.kalbus.de\/wp-content\/uploads\/2022\/08\/DSCF8969-200x300.jpg 200w, https:\/\/www.kalbus.de\/wp-content\/uploads\/2022\/08\/DSCF8969-768x1152.jpg 768w, https:\/\/www.kalbus.de\/wp-content\/uploads\/2022\/08\/DSCF8969-1024x1536.jpg 1024w, https:\/\/www.kalbus.de\/wp-content\/uploads\/2022\/08\/DSCF8969-rotated.jpg 1200w\" sizes=\"auto, (max-width: 683px) 100vw, 683px\" \/><\/figure>\n\n\n\n<p>\u00dcberall im Schloss, wo man auch hinblickt sind an freien Stellen die Wappen der Ritter des Elefantenordens, oder des Dannebrogordens zu sehen. Beim Elefantenorden sind sehr sehr viele Staatsoberh\u00e4upter mit dabei. Johannes Rau, Kaiser Hirohito, Thomas Masaryk und noch viele viele mehr. <\/p>\n\n\n\n<figure class=\"wp-block-image size-large\"><img loading=\"lazy\" decoding=\"async\" width=\"683\" height=\"1024\" src=\"https:\/\/www.kalbus.de\/wp-content\/uploads\/2022\/08\/DSCF8982-683x1024.jpg\" alt=\"\" class=\"wp-image-993\" srcset=\"https:\/\/www.kalbus.de\/wp-content\/uploads\/2022\/08\/DSCF8982-683x1024.jpg 683w, https:\/\/www.kalbus.de\/wp-content\/uploads\/2022\/08\/DSCF8982-200x300.jpg 200w, https:\/\/www.kalbus.de\/wp-content\/uploads\/2022\/08\/DSCF8982-768x1152.jpg 768w, https:\/\/www.kalbus.de\/wp-content\/uploads\/2022\/08\/DSCF8982-1024x1536.jpg 1024w, https:\/\/www.kalbus.de\/wp-content\/uploads\/2022\/08\/DSCF8982-rotated.jpg 1200w\" sizes=\"auto, (max-width: 683px) 100vw, 683px\" \/><\/figure>\n\n\n\n<p>Sterenenkunde war damals recht gefragt und Tycho Brahe war zu seiner Zeit am Hof und auch in einem Gem\u00e4lde verewigt. Nat\u00fcrlich gibt es auch einiges an passenden Ger\u00e4tschaften, um den Lauf der Gestirne deuten zu k\u00f6nnen. Astronomie und Astrologie waren damals noch nicht so strikt getrennt.<\/p>\n\n\n\n<figure class=\"wp-block-image size-large\"><img loading=\"lazy\" decoding=\"async\" width=\"1024\" height=\"683\" src=\"https:\/\/www.kalbus.de\/wp-content\/uploads\/2022\/08\/DSCF8992-1024x683.jpg\" alt=\"\" class=\"wp-image-994\" srcset=\"https:\/\/www.kalbus.de\/wp-content\/uploads\/2022\/08\/DSCF8992-1024x683.jpg 1024w, https:\/\/www.kalbus.de\/wp-content\/uploads\/2022\/08\/DSCF8992-300x200.jpg 300w, https:\/\/www.kalbus.de\/wp-content\/uploads\/2022\/08\/DSCF8992-768x512.jpg 768w, https:\/\/www.kalbus.de\/wp-content\/uploads\/2022\/08\/DSCF8992-1536x1024.jpg 1536w, https:\/\/www.kalbus.de\/wp-content\/uploads\/2022\/08\/DSCF8992.jpg 1800w\" sizes=\"auto, (max-width: 1024px) 100vw, 1024px\" \/><\/figure>\n\n\n\n<p>Nat\u00fcrlich war es auch wichtig zu wissen, was die Stunde geschlagen hat und so etwas wie das N\u00fcrnberger Ei gab es hier auch.<\/p>\n\n\n\n<figure class=\"wp-block-image size-large\"><img loading=\"lazy\" decoding=\"async\" width=\"1024\" height=\"683\" src=\"https:\/\/www.kalbus.de\/wp-content\/uploads\/2022\/08\/DSCF8983-1024x683.jpg\" alt=\"\" class=\"wp-image-995\" srcset=\"https:\/\/www.kalbus.de\/wp-content\/uploads\/2022\/08\/DSCF8983-1024x683.jpg 1024w, https:\/\/www.kalbus.de\/wp-content\/uploads\/2022\/08\/DSCF8983-300x200.jpg 300w, https:\/\/www.kalbus.de\/wp-content\/uploads\/2022\/08\/DSCF8983-768x512.jpg 768w, https:\/\/www.kalbus.de\/wp-content\/uploads\/2022\/08\/DSCF8983-1536x1024.jpg 1536w, https:\/\/www.kalbus.de\/wp-content\/uploads\/2022\/08\/DSCF8983.jpg 1800w\" sizes=\"auto, (max-width: 1024px) 100vw, 1024px\" \/><\/figure>\n\n\n\n<figure class=\"wp-block-image size-large\"><img loading=\"lazy\" decoding=\"async\" width=\"1024\" height=\"683\" src=\"https:\/\/www.kalbus.de\/wp-content\/uploads\/2022\/08\/DSCF9011-1024x683.jpg\" alt=\"\" class=\"wp-image-996\" srcset=\"https:\/\/www.kalbus.de\/wp-content\/uploads\/2022\/08\/DSCF9011-1024x683.jpg 1024w, https:\/\/www.kalbus.de\/wp-content\/uploads\/2022\/08\/DSCF9011-300x200.jpg 300w, https:\/\/www.kalbus.de\/wp-content\/uploads\/2022\/08\/DSCF9011-768x512.jpg 768w, https:\/\/www.kalbus.de\/wp-content\/uploads\/2022\/08\/DSCF9011-1536x1024.jpg 1536w, https:\/\/www.kalbus.de\/wp-content\/uploads\/2022\/08\/DSCF9011.jpg 1800w\" sizes=\"auto, (max-width: 1024px) 100vw, 1024px\" \/><\/figure>\n\n\n\n<p>Der Glaube und der Prunk waren etwas, was hier gut zusammen ging. Die erste d\u00e4nische gedruckte Bibel &#8230;<\/p>\n\n\n\n<figure class=\"wp-block-image size-large\"><img loading=\"lazy\" decoding=\"async\" width=\"1024\" height=\"683\" src=\"https:\/\/www.kalbus.de\/wp-content\/uploads\/2022\/08\/DSCF8978-1024x683.jpg\" alt=\"\" class=\"wp-image-997\" srcset=\"https:\/\/www.kalbus.de\/wp-content\/uploads\/2022\/08\/DSCF8978-1024x683.jpg 1024w, https:\/\/www.kalbus.de\/wp-content\/uploads\/2022\/08\/DSCF8978-300x200.jpg 300w, https:\/\/www.kalbus.de\/wp-content\/uploads\/2022\/08\/DSCF8978-768x512.jpg 768w, https:\/\/www.kalbus.de\/wp-content\/uploads\/2022\/08\/DSCF8978-1536x1024.jpg 1536w, https:\/\/www.kalbus.de\/wp-content\/uploads\/2022\/08\/DSCF8978.jpg 1800w\" sizes=\"auto, (max-width: 1024px) 100vw, 1024px\" \/><\/figure>\n\n\n\n<p>&#8230; und ein Bett, dass aus den Werkst\u00e4tten K\u00f6nig Ludwigs aus Paris stammte.<\/p>\n\n\n\n<figure class=\"wp-block-image size-large\"><img loading=\"lazy\" decoding=\"async\" width=\"683\" height=\"1024\" src=\"https:\/\/www.kalbus.de\/wp-content\/uploads\/2022\/08\/DSCF9006-683x1024.jpg\" alt=\"\" class=\"wp-image-998\" srcset=\"https:\/\/www.kalbus.de\/wp-content\/uploads\/2022\/08\/DSCF9006-683x1024.jpg 683w, https:\/\/www.kalbus.de\/wp-content\/uploads\/2022\/08\/DSCF9006-200x300.jpg 200w, https:\/\/www.kalbus.de\/wp-content\/uploads\/2022\/08\/DSCF9006-768x1152.jpg 768w, https:\/\/www.kalbus.de\/wp-content\/uploads\/2022\/08\/DSCF9006-1024x1536.jpg 1024w, https:\/\/www.kalbus.de\/wp-content\/uploads\/2022\/08\/DSCF9006-rotated.jpg 1200w\" sizes=\"auto, (max-width: 683px) 100vw, 683px\" \/><\/figure>\n\n\n\n<p>Im gro\u00dfen Rittersaal, auf den ich mich gefreut hatte, denn das soll einer der pr\u00e4chtigsten R\u00e4ume im Schloss sein, mit einer Empore f\u00fcr die Musik &#8211; wie in drei N\u00fcsse f\u00fcr Aschenbr\u00f6del. Aber es war eine Sonderausstellung \u00fcber die Kronprinzessinnen der Vergangenheit und Gegenwart. Besonders nat\u00fcrlich Mary und Frederick (da haben wir wieder einen)<\/p>\n\n\n\n<figure class=\"wp-block-image size-large\"><img loading=\"lazy\" decoding=\"async\" width=\"683\" height=\"1024\" src=\"https:\/\/www.kalbus.de\/wp-content\/uploads\/2022\/08\/DSCF8996-683x1024.jpg\" alt=\"\" class=\"wp-image-999\" srcset=\"https:\/\/www.kalbus.de\/wp-content\/uploads\/2022\/08\/DSCF8996-683x1024.jpg 683w, https:\/\/www.kalbus.de\/wp-content\/uploads\/2022\/08\/DSCF8996-200x300.jpg 200w, https:\/\/www.kalbus.de\/wp-content\/uploads\/2022\/08\/DSCF8996-768x1152.jpg 768w, https:\/\/www.kalbus.de\/wp-content\/uploads\/2022\/08\/DSCF8996-1024x1536.jpg 1024w, https:\/\/www.kalbus.de\/wp-content\/uploads\/2022\/08\/DSCF8996-rotated.jpg 1200w\" sizes=\"auto, (max-width: 683px) 100vw, 683px\" \/><\/figure>\n\n\n\n<p><\/p>\n\n\n\n<figure class=\"wp-block-image size-large\"><img loading=\"lazy\" decoding=\"async\" width=\"683\" height=\"1024\" src=\"https:\/\/www.kalbus.de\/wp-content\/uploads\/2022\/08\/DSCF9001-683x1024.jpg\" alt=\"\" class=\"wp-image-1000\" srcset=\"https:\/\/www.kalbus.de\/wp-content\/uploads\/2022\/08\/DSCF9001-683x1024.jpg 683w, https:\/\/www.kalbus.de\/wp-content\/uploads\/2022\/08\/DSCF9001-200x300.jpg 200w, https:\/\/www.kalbus.de\/wp-content\/uploads\/2022\/08\/DSCF9001-768x1152.jpg 768w, https:\/\/www.kalbus.de\/wp-content\/uploads\/2022\/08\/DSCF9001-1024x1536.jpg 1024w, https:\/\/www.kalbus.de\/wp-content\/uploads\/2022\/08\/DSCF9001-rotated.jpg 1200w\" sizes=\"auto, (max-width: 683px) 100vw, 683px\" \/><\/figure>\n\n\n\n<figure class=\"wp-block-image size-large\"><img loading=\"lazy\" decoding=\"async\" width=\"1024\" height=\"683\" src=\"https:\/\/www.kalbus.de\/wp-content\/uploads\/2022\/08\/DSCF9002-1024x683.jpg\" alt=\"\" class=\"wp-image-1001\" srcset=\"https:\/\/www.kalbus.de\/wp-content\/uploads\/2022\/08\/DSCF9002-1024x683.jpg 1024w, https:\/\/www.kalbus.de\/wp-content\/uploads\/2022\/08\/DSCF9002-300x200.jpg 300w, https:\/\/www.kalbus.de\/wp-content\/uploads\/2022\/08\/DSCF9002-768x512.jpg 768w, https:\/\/www.kalbus.de\/wp-content\/uploads\/2022\/08\/DSCF9002-1536x1024.jpg 1536w, https:\/\/www.kalbus.de\/wp-content\/uploads\/2022\/08\/DSCF9002.jpg 1800w\" sizes=\"auto, (max-width: 1024px) 100vw, 1024px\" \/><\/figure>\n\n\n\n<p>Im dritten Stock des Schlosses war dann eine Galerie zeitgen\u00f6ssischer moderner Gem\u00e4lde. Nichts abstraktes, eher sehr real und konkret. Und nat\u00fcrlich die K\u00f6nigsfamilie und bedeutende d\u00e4nische Pers\u00f6nlichkeiten. Insgesamt ist das Schloss eine tolle Gem\u00e4lde- und Kunstsammlung und das in einem richtig sch\u00f6nen Rahmen. Aber nicht nur das Schloss, auch der Park ist sehenswert. Ein Barockgarten.<\/p>\n\n\n\n<figure class=\"wp-block-image size-large\"><img loading=\"lazy\" decoding=\"async\" width=\"1024\" height=\"346\" src=\"https:\/\/www.kalbus.de\/wp-content\/uploads\/2022\/08\/DSCF9027-1024x346.jpg\" alt=\"\" class=\"wp-image-1002\" srcset=\"https:\/\/www.kalbus.de\/wp-content\/uploads\/2022\/08\/DSCF9027-1024x346.jpg 1024w, https:\/\/www.kalbus.de\/wp-content\/uploads\/2022\/08\/DSCF9027-300x101.jpg 300w, https:\/\/www.kalbus.de\/wp-content\/uploads\/2022\/08\/DSCF9027-768x259.jpg 768w, https:\/\/www.kalbus.de\/wp-content\/uploads\/2022\/08\/DSCF9027-1536x519.jpg 1536w, https:\/\/www.kalbus.de\/wp-content\/uploads\/2022\/08\/DSCF9027.jpg 1800w\" sizes=\"auto, (max-width: 1024px) 100vw, 1024px\" \/><\/figure>\n\n\n\n<p>Mit interessanten Sichtachsen und auch sch\u00f6nen nat\u00fcrlichen Ecken<\/p>\n\n\n\n<figure class=\"wp-block-image size-large\"><img loading=\"lazy\" decoding=\"async\" width=\"683\" height=\"1024\" src=\"https:\/\/www.kalbus.de\/wp-content\/uploads\/2022\/08\/DSCF9016-683x1024.jpg\" alt=\"\" class=\"wp-image-1003\" srcset=\"https:\/\/www.kalbus.de\/wp-content\/uploads\/2022\/08\/DSCF9016-683x1024.jpg 683w, https:\/\/www.kalbus.de\/wp-content\/uploads\/2022\/08\/DSCF9016-200x300.jpg 200w, https:\/\/www.kalbus.de\/wp-content\/uploads\/2022\/08\/DSCF9016-768x1152.jpg 768w, https:\/\/www.kalbus.de\/wp-content\/uploads\/2022\/08\/DSCF9016-1024x1536.jpg 1024w, https:\/\/www.kalbus.de\/wp-content\/uploads\/2022\/08\/DSCF9016-rotated.jpg 1200w\" sizes=\"auto, (max-width: 683px) 100vw, 683px\" \/><\/figure>\n\n\n\n<figure class=\"wp-block-image size-large\"><img loading=\"lazy\" decoding=\"async\" width=\"683\" height=\"1024\" src=\"https:\/\/www.kalbus.de\/wp-content\/uploads\/2022\/08\/DSCF9024-683x1024.jpg\" alt=\"\" class=\"wp-image-1004\" srcset=\"https:\/\/www.kalbus.de\/wp-content\/uploads\/2022\/08\/DSCF9024-683x1024.jpg 683w, https:\/\/www.kalbus.de\/wp-content\/uploads\/2022\/08\/DSCF9024-200x300.jpg 200w, https:\/\/www.kalbus.de\/wp-content\/uploads\/2022\/08\/DSCF9024-768x1152.jpg 768w, https:\/\/www.kalbus.de\/wp-content\/uploads\/2022\/08\/DSCF9024-1024x1536.jpg 1024w, https:\/\/www.kalbus.de\/wp-content\/uploads\/2022\/08\/DSCF9024-rotated.jpg 1200w\" sizes=\"auto, (max-width: 683px) 100vw, 683px\" \/><\/figure>\n\n\n\n<figure class=\"wp-block-image size-large\"><img loading=\"lazy\" decoding=\"async\" width=\"1024\" height=\"683\" src=\"https:\/\/www.kalbus.de\/wp-content\/uploads\/2022\/08\/DSCF9028-1024x683.jpg\" alt=\"\" class=\"wp-image-1005\" srcset=\"https:\/\/www.kalbus.de\/wp-content\/uploads\/2022\/08\/DSCF9028-1024x683.jpg 1024w, https:\/\/www.kalbus.de\/wp-content\/uploads\/2022\/08\/DSCF9028-300x200.jpg 300w, https:\/\/www.kalbus.de\/wp-content\/uploads\/2022\/08\/DSCF9028-768x512.jpg 768w, https:\/\/www.kalbus.de\/wp-content\/uploads\/2022\/08\/DSCF9028-1536x1024.jpg 1536w, https:\/\/www.kalbus.de\/wp-content\/uploads\/2022\/08\/DSCF9028.jpg 1800w\" sizes=\"auto, (max-width: 1024px) 100vw, 1024px\" \/><\/figure>\n\n\n\n<p>Am Ende der Besichtigung war der Kopf voll von Eindr\u00fccken und Bildern. Deswegen habe ich mich auf den Weg zur\u00fcck zum Campingplatz gemacht, bin in den Fjord zum Schwimmen und Abk\u00fchlen. <\/p>\n\n\n\n<p>Ein Rhythmus, an den ich mich gew\u00f6hnen k\u00f6nnte. Ausschlafen, Fr\u00fchst\u00fccken, etwas unternehmen, Kaffee trinken, Schwimmen, Abendessen machen und dann den Tag in Ruhe ausklingen lassen. Mal sehen was der morgige Tag so bringt. <\/p>\n","protected":false},"excerpt":{"rendered":"<p>Mein Plan f\u00fcr den Tag sah eigentlich ganz anders aus. Kopenhagen sollte es werden. Also vor zur Rezeption und nach dem besten Weg nach Kopenhagen gefragt. Auto, Bus und Bahn oder etwas ganz anderes. Wenn ich zu mehreren w\u00e4re, w\u00fcrde sich das Parken in Kopenhagen lohnen, aber alleine sicher nicht. Aber irgendwie hatte ich heute &hellip; <a href=\"https:\/\/www.kalbus.de\/?p=987\" class=\"more-link\"><span class=\"screen-reader-text\">Fredriksborg<\/span> weiterlesen<\/a><\/p>\n","protected":false},"author":1,"featured_media":0,"comment_status":"closed","ping_status":"closed","sticky":false,"template":"","format":"standard","meta":{"_jetpack_memberships_contains_paid_content":false,"footnotes":"","jetpack_publicize_message":"","jetpack_publicize_feature_enabled":true,"jetpack_social_post_already_shared":true,"jetpack_social_options":{"image_generator_settings":{"template":"highway","default_image_id":0,"font":"","enabled":false},"version":2}},"categories":[71,57],"tags":[72],"class_list":["post-987","post","type-post","status-publish","format-standard","hentry","category-daenemark-2022","category-reisen","tag-daenemark-2022"],"jetpack_publicize_connections":[],"jetpack_featured_media_url":"","jetpack_shortlink":"https:\/\/wp.me\/p2LFC5-fV","jetpack_sharing_enabled":true,"_links":{"self":[{"href":"https:\/\/www.kalbus.de\/index.php?rest_route=\/wp\/v2\/posts\/987","targetHints":{"allow":["GET"]}}],"collection":[{"href":"https:\/\/www.kalbus.de\/index.php?rest_route=\/wp\/v2\/posts"}],"about":[{"href":"https:\/\/www.kalbus.de\/index.php?rest_route=\/wp\/v2\/types\/post"}],"author":[{"embeddable":true,"href":"https:\/\/www.kalbus.de\/index.php?rest_route=\/wp\/v2\/users\/1"}],"replies":[{"embeddable":true,"href":"https:\/\/www.kalbus.de\/index.php?rest_route=%2Fwp%2Fv2%2Fcomments&post=987"}],"version-history":[{"count":1,"href":"https:\/\/www.kalbus.de\/index.php?rest_route=\/wp\/v2\/posts\/987\/revisions"}],"predecessor-version":[{"id":1006,"href":"https:\/\/www.kalbus.de\/index.php?rest_route=\/wp\/v2\/posts\/987\/revisions\/1006"}],"wp:attachment":[{"href":"https:\/\/www.kalbus.de\/index.php?rest_route=%2Fwp%2Fv2%2Fmedia&parent=987"}],"wp:term":[{"taxonomy":"category","embeddable":true,"href":"https:\/\/www.kalbus.de\/index.php?rest_route=%2Fwp%2Fv2%2Fcategories&post=987"},{"taxonomy":"post_tag","embeddable":true,"href":"https:\/\/www.kalbus.de\/index.php?rest_route=%2Fwp%2Fv2%2Ftags&post=987"}],"curies":[{"name":"wp","href":"https:\/\/api.w.org\/{rel}","templated":true}]}}