{"id":970,"date":"2022-08-08T21:09:00","date_gmt":"2022-08-08T19:09:00","guid":{"rendered":"https:\/\/www.kalbus.de\/?p=970"},"modified":"2022-08-12T20:05:32","modified_gmt":"2022-08-12T18:05:32","slug":"der-dom-zu-roskilde","status":"publish","type":"post","link":"https:\/\/www.kalbus.de\/?p=970","title":{"rendered":"Der Dom zu Roskilde"},"content":{"rendered":"\n<p>oder Montag, Teil 2. <\/p>\n\n\n\n<p>Der Dom zu Roskilde ist nicht einfach nur ein Dom, das w\u00e4re zu einfach. Es ist die Begr\u00e4bnisst\u00e4tte der D\u00e4nische K\u00f6nige und K\u00f6niginnen. Aber bevor ich in den Dom herein konnte musste ich einen Parkplatz finden und auch bezahlen &#8211; ohne Bargeld geht das nur Online. Hier klappt das prima. Am Stadtplatz war einiges los, denn heute war der erste Schultag und gleich ums Eck am Domplatz ist ein Gymnasium. Das habe aber erst sp\u00e4ter festgestellt. Erst der Blick aufs Rathaus.<\/p>\n\n\n\n<figure class=\"wp-block-image size-large\"><img loading=\"lazy\" decoding=\"async\" width=\"683\" height=\"1024\" src=\"https:\/\/www.kalbus.de\/wp-content\/uploads\/2022\/08\/DSCF8869-683x1024.jpg\" alt=\"\" class=\"wp-image-971\" srcset=\"https:\/\/www.kalbus.de\/wp-content\/uploads\/2022\/08\/DSCF8869-683x1024.jpg 683w, https:\/\/www.kalbus.de\/wp-content\/uploads\/2022\/08\/DSCF8869-200x300.jpg 200w, https:\/\/www.kalbus.de\/wp-content\/uploads\/2022\/08\/DSCF8869-768x1152.jpg 768w, https:\/\/www.kalbus.de\/wp-content\/uploads\/2022\/08\/DSCF8869-1024x1536.jpg 1024w, https:\/\/www.kalbus.de\/wp-content\/uploads\/2022\/08\/DSCF8869-rotated.jpg 1200w\" sizes=\"auto, (max-width: 683px) 100vw, 683px\" \/><\/figure>\n\n\n\n<p>Und dann ein paar lustige K\u00fche davor.<\/p>\n\n\n\n<figure class=\"wp-block-image size-large\"><img loading=\"lazy\" decoding=\"async\" width=\"1024\" height=\"683\" src=\"https:\/\/www.kalbus.de\/wp-content\/uploads\/2022\/08\/DSCF8871-1024x683.jpg\" alt=\"\" class=\"wp-image-972\" srcset=\"https:\/\/www.kalbus.de\/wp-content\/uploads\/2022\/08\/DSCF8871-1024x683.jpg 1024w, https:\/\/www.kalbus.de\/wp-content\/uploads\/2022\/08\/DSCF8871-300x200.jpg 300w, https:\/\/www.kalbus.de\/wp-content\/uploads\/2022\/08\/DSCF8871-768x512.jpg 768w, https:\/\/www.kalbus.de\/wp-content\/uploads\/2022\/08\/DSCF8871-1536x1024.jpg 1536w, https:\/\/www.kalbus.de\/wp-content\/uploads\/2022\/08\/DSCF8871.jpg 1800w\" sizes=\"auto, (max-width: 1024px) 100vw, 1024px\" \/><\/figure>\n\n\n\n<p>Und dann Sonnenblumen, so richtig voll in Bl\u00fcte. Die fand ich echt sch\u00f6n.<\/p>\n\n\n\n<figure class=\"wp-block-image size-large\"><img loading=\"lazy\" decoding=\"async\" width=\"1024\" height=\"683\" src=\"https:\/\/www.kalbus.de\/wp-content\/uploads\/2022\/08\/DSCF8873-1024x683.jpg\" alt=\"\" class=\"wp-image-973\" srcset=\"https:\/\/www.kalbus.de\/wp-content\/uploads\/2022\/08\/DSCF8873-1024x683.jpg 1024w, https:\/\/www.kalbus.de\/wp-content\/uploads\/2022\/08\/DSCF8873-300x200.jpg 300w, https:\/\/www.kalbus.de\/wp-content\/uploads\/2022\/08\/DSCF8873-768x512.jpg 768w, https:\/\/www.kalbus.de\/wp-content\/uploads\/2022\/08\/DSCF8873-1536x1024.jpg 1536w, https:\/\/www.kalbus.de\/wp-content\/uploads\/2022\/08\/DSCF8873.jpg 1800w\" sizes=\"auto, (max-width: 1024px) 100vw, 1024px\" \/><\/figure>\n\n\n\n<p>Und jetzt dann doch der Dom. Direkt davor ist es gar nicht so einfach alles aufs Bild zu bekommen. Ein sch\u00f6ner Bau aus Backstein und jetzt erst noch den Eingang finden. Das Hauptportal ist zu. Sp\u00e4ter habe ich dann in der Brosch\u00fcre zum Dom gelesen, dass nur k\u00f6nigliche G\u00e4ste durch dieses Tor herein und nur bei Hochzeiten und Konfirmationen herausgegangen werden darf. Also noch ein wenig weitergesucht und dann schlie\u00dflich doch den Eingang gefunden.<\/p>\n\n\n\n<figure class=\"wp-block-image size-large\"><img loading=\"lazy\" decoding=\"async\" width=\"683\" height=\"1024\" src=\"https:\/\/www.kalbus.de\/wp-content\/uploads\/2022\/08\/DSCF8881-683x1024.jpg\" alt=\"\" class=\"wp-image-974\" srcset=\"https:\/\/www.kalbus.de\/wp-content\/uploads\/2022\/08\/DSCF8881-683x1024.jpg 683w, https:\/\/www.kalbus.de\/wp-content\/uploads\/2022\/08\/DSCF8881-200x300.jpg 200w, https:\/\/www.kalbus.de\/wp-content\/uploads\/2022\/08\/DSCF8881-768x1152.jpg 768w, https:\/\/www.kalbus.de\/wp-content\/uploads\/2022\/08\/DSCF8881-1024x1536.jpg 1024w, https:\/\/www.kalbus.de\/wp-content\/uploads\/2022\/08\/DSCF8881-rotated.jpg 1200w\" sizes=\"auto, (max-width: 683px) 100vw, 683px\" \/><\/figure>\n\n\n\n<figure class=\"wp-block-image size-large\"><img loading=\"lazy\" decoding=\"async\" width=\"1024\" height=\"683\" src=\"https:\/\/www.kalbus.de\/wp-content\/uploads\/2022\/08\/DSCF8912-1024x683.jpg\" alt=\"\" class=\"wp-image-981\" srcset=\"https:\/\/www.kalbus.de\/wp-content\/uploads\/2022\/08\/DSCF8912-1024x683.jpg 1024w, https:\/\/www.kalbus.de\/wp-content\/uploads\/2022\/08\/DSCF8912-300x200.jpg 300w, https:\/\/www.kalbus.de\/wp-content\/uploads\/2022\/08\/DSCF8912-768x512.jpg 768w, https:\/\/www.kalbus.de\/wp-content\/uploads\/2022\/08\/DSCF8912-1536x1024.jpg 1536w, https:\/\/www.kalbus.de\/wp-content\/uploads\/2022\/08\/DSCF8912.jpg 1800w\" sizes=\"auto, (max-width: 1024px) 100vw, 1024px\" \/><\/figure>\n\n\n\n<p>Innen gibt es auch eine Uhr, die zu jeder vollen Stunde schl\u00e4gt. So wei\u00df man dann auch drinnen, wie sp\u00e4t es ist.<\/p>\n\n\n\n<figure class=\"wp-block-image size-large\"><img loading=\"lazy\" decoding=\"async\" width=\"683\" height=\"1024\" src=\"https:\/\/www.kalbus.de\/wp-content\/uploads\/2022\/08\/DSCF8886-683x1024.jpg\" alt=\"\" class=\"wp-image-975\" srcset=\"https:\/\/www.kalbus.de\/wp-content\/uploads\/2022\/08\/DSCF8886-683x1024.jpg 683w, https:\/\/www.kalbus.de\/wp-content\/uploads\/2022\/08\/DSCF8886-200x300.jpg 200w, https:\/\/www.kalbus.de\/wp-content\/uploads\/2022\/08\/DSCF8886-768x1152.jpg 768w, https:\/\/www.kalbus.de\/wp-content\/uploads\/2022\/08\/DSCF8886-1024x1536.jpg 1024w, https:\/\/www.kalbus.de\/wp-content\/uploads\/2022\/08\/DSCF8886-rotated.jpg 1200w\" sizes=\"auto, (max-width: 683px) 100vw, 683px\" \/><\/figure>\n\n\n\n<p>Im Dom liegen seit 1534 in ununterbrochener Folge alle K\u00f6nige und K\u00f6niginnen und einige bedeutende die vorher D\u00e4nemark, Norwegen und Schwegen regiert haben. Margarethe I hat es Mitte des 14. Jahrhunderts geschafft die drei L\u00e4nder zu vereinen, bis dann irgendwann Norwegen und dann Schweden ihre Eigenst\u00e4ndigkeit haben wollten und es zu einigen Konflikten deswegen kam.<\/p>\n\n\n\n<figure class=\"wp-block-image size-large\"><img loading=\"lazy\" decoding=\"async\" width=\"1024\" height=\"683\" src=\"https:\/\/www.kalbus.de\/wp-content\/uploads\/2022\/08\/DSCF8914-1024x683.jpg\" alt=\"\" class=\"wp-image-982\" srcset=\"https:\/\/www.kalbus.de\/wp-content\/uploads\/2022\/08\/DSCF8914-1024x683.jpg 1024w, https:\/\/www.kalbus.de\/wp-content\/uploads\/2022\/08\/DSCF8914-300x200.jpg 300w, https:\/\/www.kalbus.de\/wp-content\/uploads\/2022\/08\/DSCF8914-768x512.jpg 768w, https:\/\/www.kalbus.de\/wp-content\/uploads\/2022\/08\/DSCF8914-1536x1024.jpg 1536w, https:\/\/www.kalbus.de\/wp-content\/uploads\/2022\/08\/DSCF8914.jpg 1800w\" sizes=\"auto, (max-width: 1024px) 100vw, 1024px\" \/><\/figure>\n\n\n\n<p>Die einzelnen Sarkophage spiegeln den Zeitgeist wieder. Vom Mittelalter bis zur Neuzeit. Allerdings habe ich mir die Namen leider nicht alle gemerkt, nur dass Christian, Frederick und Margarete sehr vorherrschend waren. So hat mich dieses Grab an das von Napoleon im Invalidendom in Paris erinnert.<\/p>\n\n\n\n<figure class=\"wp-block-image size-large\"><img loading=\"lazy\" decoding=\"async\" width=\"1024\" height=\"683\" src=\"https:\/\/www.kalbus.de\/wp-content\/uploads\/2022\/08\/DSCF8888-1024x683.jpg\" alt=\"\" class=\"wp-image-977\" srcset=\"https:\/\/www.kalbus.de\/wp-content\/uploads\/2022\/08\/DSCF8888-1024x683.jpg 1024w, https:\/\/www.kalbus.de\/wp-content\/uploads\/2022\/08\/DSCF8888-300x200.jpg 300w, https:\/\/www.kalbus.de\/wp-content\/uploads\/2022\/08\/DSCF8888-768x512.jpg 768w, https:\/\/www.kalbus.de\/wp-content\/uploads\/2022\/08\/DSCF8888-1536x1024.jpg 1536w, https:\/\/www.kalbus.de\/wp-content\/uploads\/2022\/08\/DSCF8888.jpg 1800w\" sizes=\"auto, (max-width: 1024px) 100vw, 1024px\" \/><\/figure>\n\n\n\n<figure class=\"wp-block-image size-large\"><img loading=\"lazy\" decoding=\"async\" width=\"1024\" height=\"683\" src=\"https:\/\/www.kalbus.de\/wp-content\/uploads\/2022\/08\/DSCF8887-1024x683.jpg\" alt=\"\" class=\"wp-image-976\" srcset=\"https:\/\/www.kalbus.de\/wp-content\/uploads\/2022\/08\/DSCF8887-1024x683.jpg 1024w, https:\/\/www.kalbus.de\/wp-content\/uploads\/2022\/08\/DSCF8887-300x200.jpg 300w, https:\/\/www.kalbus.de\/wp-content\/uploads\/2022\/08\/DSCF8887-768x512.jpg 768w, https:\/\/www.kalbus.de\/wp-content\/uploads\/2022\/08\/DSCF8887-1536x1024.jpg 1536w, https:\/\/www.kalbus.de\/wp-content\/uploads\/2022\/08\/DSCF8887.jpg 1800w\" sizes=\"auto, (max-width: 1024px) 100vw, 1024px\" \/><\/figure>\n\n\n\n<p>Dann die Zeit des drei\u00dfigj\u00e4hrigen Krieges, wo die S\u00e4rge sehr militaristisch und pr\u00e4chtig verziert waren<\/p>\n\n\n\n<figure class=\"wp-block-image size-large\"><img loading=\"lazy\" decoding=\"async\" width=\"1024\" height=\"683\" src=\"https:\/\/www.kalbus.de\/wp-content\/uploads\/2022\/08\/DSCF8891-1024x683.jpg\" alt=\"\" class=\"wp-image-978\" srcset=\"https:\/\/www.kalbus.de\/wp-content\/uploads\/2022\/08\/DSCF8891-1024x683.jpg 1024w, https:\/\/www.kalbus.de\/wp-content\/uploads\/2022\/08\/DSCF8891-300x200.jpg 300w, https:\/\/www.kalbus.de\/wp-content\/uploads\/2022\/08\/DSCF8891-768x512.jpg 768w, https:\/\/www.kalbus.de\/wp-content\/uploads\/2022\/08\/DSCF8891-1536x1024.jpg 1536w, https:\/\/www.kalbus.de\/wp-content\/uploads\/2022\/08\/DSCF8891.jpg 1800w\" sizes=\"auto, (max-width: 1024px) 100vw, 1024px\" \/><\/figure>\n\n\n\n<figure class=\"wp-block-image size-large\"><img loading=\"lazy\" decoding=\"async\" width=\"1024\" height=\"683\" src=\"https:\/\/www.kalbus.de\/wp-content\/uploads\/2022\/08\/DSCF8895-1024x683.jpg\" alt=\"\" class=\"wp-image-979\" srcset=\"https:\/\/www.kalbus.de\/wp-content\/uploads\/2022\/08\/DSCF8895-1024x683.jpg 1024w, https:\/\/www.kalbus.de\/wp-content\/uploads\/2022\/08\/DSCF8895-300x200.jpg 300w, https:\/\/www.kalbus.de\/wp-content\/uploads\/2022\/08\/DSCF8895-768x512.jpg 768w, https:\/\/www.kalbus.de\/wp-content\/uploads\/2022\/08\/DSCF8895-1536x1024.jpg 1536w, https:\/\/www.kalbus.de\/wp-content\/uploads\/2022\/08\/DSCF8895.jpg 1800w\" sizes=\"auto, (max-width: 1024px) 100vw, 1024px\" \/><\/figure>\n\n\n\n<p>Weiter im Dom bin ich in der Apsis angekommen und f\u00fchlte mich an den Dom in Mdina auf Malta erinnert. Im Boden eingelassene Grabplatten. OB ich da so einfach dar\u00fcbergehen soll?<\/p>\n\n\n\n<figure class=\"wp-block-image size-large\"><img loading=\"lazy\" decoding=\"async\" width=\"683\" height=\"1024\" src=\"https:\/\/www.kalbus.de\/wp-content\/uploads\/2022\/08\/DSCF8901-683x1024.jpg\" alt=\"\" class=\"wp-image-980\" srcset=\"https:\/\/www.kalbus.de\/wp-content\/uploads\/2022\/08\/DSCF8901-683x1024.jpg 683w, https:\/\/www.kalbus.de\/wp-content\/uploads\/2022\/08\/DSCF8901-200x300.jpg 200w, https:\/\/www.kalbus.de\/wp-content\/uploads\/2022\/08\/DSCF8901-768x1152.jpg 768w, https:\/\/www.kalbus.de\/wp-content\/uploads\/2022\/08\/DSCF8901-1024x1536.jpg 1024w, https:\/\/www.kalbus.de\/wp-content\/uploads\/2022\/08\/DSCF8901-rotated.jpg 1200w\" sizes=\"auto, (max-width: 683px) 100vw, 683px\" \/><\/figure>\n\n\n\n<p>Und zum Schluss eine der \u00e4ltesten Kapellen die als Anbau an den Dom gebaut worden war. Und dann stehen Renaissance Grabm\u00e4ler drin.<\/p>\n\n\n\n<figure class=\"wp-block-image size-large\"><img loading=\"lazy\" decoding=\"async\" width=\"1024\" height=\"683\" src=\"https:\/\/www.kalbus.de\/wp-content\/uploads\/2022\/08\/DSCF8921-1024x683.jpg\" alt=\"\" class=\"wp-image-985\" srcset=\"https:\/\/www.kalbus.de\/wp-content\/uploads\/2022\/08\/DSCF8921-1024x683.jpg 1024w, https:\/\/www.kalbus.de\/wp-content\/uploads\/2022\/08\/DSCF8921-300x200.jpg 300w, https:\/\/www.kalbus.de\/wp-content\/uploads\/2022\/08\/DSCF8921-768x512.jpg 768w, https:\/\/www.kalbus.de\/wp-content\/uploads\/2022\/08\/DSCF8921-1536x1024.jpg 1536w, https:\/\/www.kalbus.de\/wp-content\/uploads\/2022\/08\/DSCF8921.jpg 1800w\" sizes=\"auto, (max-width: 1024px) 100vw, 1024px\" \/><\/figure>\n\n\n\n<figure class=\"wp-block-image size-large\"><img loading=\"lazy\" decoding=\"async\" width=\"683\" height=\"1024\" src=\"https:\/\/www.kalbus.de\/wp-content\/uploads\/2022\/08\/DSCF8919-683x1024.jpg\" alt=\"\" class=\"wp-image-984\" srcset=\"https:\/\/www.kalbus.de\/wp-content\/uploads\/2022\/08\/DSCF8919-683x1024.jpg 683w, https:\/\/www.kalbus.de\/wp-content\/uploads\/2022\/08\/DSCF8919-200x300.jpg 200w, https:\/\/www.kalbus.de\/wp-content\/uploads\/2022\/08\/DSCF8919-768x1152.jpg 768w, https:\/\/www.kalbus.de\/wp-content\/uploads\/2022\/08\/DSCF8919-1024x1536.jpg 1024w, https:\/\/www.kalbus.de\/wp-content\/uploads\/2022\/08\/DSCF8919-rotated.jpg 1200w\" sizes=\"auto, (max-width: 683px) 100vw, 683px\" \/><\/figure>\n\n\n\n<p>Nach knapp zwei Stunden hatte ich dann glaube ich alles gesehen und war sehr beeindruckt. D\u00e4nemarks K\u00f6nige sind sehr pr\u00e4sent und dass es so eine lange Folge in dem Dom gibt spricht f\u00fcr sehr viel Kontinuit\u00e4t, trotz alles Konflikte und Probleme hat D\u00e4nemark doch eine lange Tradition und etwas worauf es stolz sein kann.<\/p>\n\n\n\n<figure class=\"wp-block-image size-large\"><img loading=\"lazy\" decoding=\"async\" width=\"683\" height=\"1024\" src=\"https:\/\/www.kalbus.de\/wp-content\/uploads\/2022\/08\/DSCF8915-683x1024.jpg\" alt=\"\" class=\"wp-image-983\" srcset=\"https:\/\/www.kalbus.de\/wp-content\/uploads\/2022\/08\/DSCF8915-683x1024.jpg 683w, https:\/\/www.kalbus.de\/wp-content\/uploads\/2022\/08\/DSCF8915-200x300.jpg 200w, https:\/\/www.kalbus.de\/wp-content\/uploads\/2022\/08\/DSCF8915-768x1152.jpg 768w, https:\/\/www.kalbus.de\/wp-content\/uploads\/2022\/08\/DSCF8915-1024x1536.jpg 1024w, https:\/\/www.kalbus.de\/wp-content\/uploads\/2022\/08\/DSCF8915-rotated.jpg 1200w\" sizes=\"auto, (max-width: 683px) 100vw, 683px\" \/><\/figure>\n\n\n\n<p><\/p>\n\n\n\n<p>Alle Royalisten und Wissenden der K\u00f6nigsgeschichte m\u00f6gen mir mein Unwissen verzeihen, aber es waren einfach zu viele Namen und Fakten auf einmal.<\/p>\n\n\n\n<p>Das waren jetzt an einem Tag sehr viele Eindr\u00fccke und ich glaube morgen muss ich mein Tempo ein wenig bremsen. Ich bin ja schlie\u00dflich im Urlaub und m\u00f6chte mich erholen. Der Campingplatz ist jedenfalls sehr h\u00fcbsch, die Anlagen sind gut und der Roskildefjord ist nicht tief und l\u00e4dt zum Schwimmen ein.<\/p>\n","protected":false},"excerpt":{"rendered":"<p>oder Montag, Teil 2. Der Dom zu Roskilde ist nicht einfach nur ein Dom, das w\u00e4re zu einfach. Es ist die Begr\u00e4bnisst\u00e4tte der D\u00e4nische K\u00f6nige und K\u00f6niginnen. Aber bevor ich in den Dom herein konnte musste ich einen Parkplatz finden und auch bezahlen &#8211; ohne Bargeld geht das nur Online. Hier klappt das prima. Am &hellip; <a href=\"https:\/\/www.kalbus.de\/?p=970\" class=\"more-link\"><span class=\"screen-reader-text\">Der Dom zu Roskilde<\/span> weiterlesen<\/a><\/p>\n","protected":false},"author":1,"featured_media":0,"comment_status":"closed","ping_status":"closed","sticky":false,"template":"","format":"standard","meta":{"_jetpack_memberships_contains_paid_content":false,"footnotes":"","jetpack_publicize_message":"","jetpack_publicize_feature_enabled":true,"jetpack_social_post_already_shared":true,"jetpack_social_options":{"image_generator_settings":{"template":"highway","default_image_id":0,"font":"","enabled":false},"version":2}},"categories":[71,57],"tags":[72],"class_list":["post-970","post","type-post","status-publish","format-standard","hentry","category-daenemark-2022","category-reisen","tag-daenemark-2022"],"jetpack_publicize_connections":[],"jetpack_featured_media_url":"","jetpack_shortlink":"https:\/\/wp.me\/p2LFC5-fE","jetpack_sharing_enabled":true,"_links":{"self":[{"href":"https:\/\/www.kalbus.de\/index.php?rest_route=\/wp\/v2\/posts\/970","targetHints":{"allow":["GET"]}}],"collection":[{"href":"https:\/\/www.kalbus.de\/index.php?rest_route=\/wp\/v2\/posts"}],"about":[{"href":"https:\/\/www.kalbus.de\/index.php?rest_route=\/wp\/v2\/types\/post"}],"author":[{"embeddable":true,"href":"https:\/\/www.kalbus.de\/index.php?rest_route=\/wp\/v2\/users\/1"}],"replies":[{"embeddable":true,"href":"https:\/\/www.kalbus.de\/index.php?rest_route=%2Fwp%2Fv2%2Fcomments&post=970"}],"version-history":[{"count":1,"href":"https:\/\/www.kalbus.de\/index.php?rest_route=\/wp\/v2\/posts\/970\/revisions"}],"predecessor-version":[{"id":986,"href":"https:\/\/www.kalbus.de\/index.php?rest_route=\/wp\/v2\/posts\/970\/revisions\/986"}],"wp:attachment":[{"href":"https:\/\/www.kalbus.de\/index.php?rest_route=%2Fwp%2Fv2%2Fmedia&parent=970"}],"wp:term":[{"taxonomy":"category","embeddable":true,"href":"https:\/\/www.kalbus.de\/index.php?rest_route=%2Fwp%2Fv2%2Fcategories&post=970"},{"taxonomy":"post_tag","embeddable":true,"href":"https:\/\/www.kalbus.de\/index.php?rest_route=%2Fwp%2Fv2%2Ftags&post=970"}],"curies":[{"name":"wp","href":"https:\/\/api.w.org\/{rel}","templated":true}]}}