{"id":855,"date":"2021-08-18T20:24:00","date_gmt":"2021-08-18T18:24:00","guid":{"rendered":"https:\/\/www.kalbus.de\/?p=855"},"modified":"2022-02-01T14:10:41","modified_gmt":"2022-02-01T13:10:41","slug":"lessons-learned","status":"publish","type":"post","link":"https:\/\/www.kalbus.de\/?p=855","title":{"rendered":"Lessons learned"},"content":{"rendered":"\n<p>Der Bodensee und die Orte und Stra\u00dfen sind zu klein f\u00fcr die Touristenmassen, die, so wie auch ich, im Sommer mit dem eigenen Auto die Gegend erkunden und die Sehensw\u00fcrdigkeiten besichtigen wollen. Gef\u00fchlt sind es sogar auch schon fast zu viele Fahrradfahrer. Die Folge sind lange Staus, \u00fcberf\u00fcllte Innenst\u00e4dte und Parkpl\u00e4tze auf denen nicht mal mehr in der zweiten Reihe, mit Warnblinker an, etwas frei w\u00e4re. Das sorgt f\u00fcr Frust und \u00c4rger obwohl es Alternativen gibt. Bus Bahn Schiff &#8211; aber das muss einem erst mal bewusst werden.<\/p>\n\n\n\n<p>Mein urspr\u00fcnglicher Plan war es die Pfahlbauten in Unteruhldingen zu besichtigen. Hat nicht so geklappt, wie ich dachte, also spontan umplanen. Reichenau w\u00e4re doch nett. Also bei Meersburg auf die F\u00e4hre<\/p>\n\n\n\n<figure class=\"wp-block-image size-large\"><img loading=\"lazy\" decoding=\"async\" width=\"1776\" height=\"1184\" src=\"https:\/\/www.kalbus.de\/wp-content\/uploads\/2021\/08\/2021_0819_19234400.jpg\" alt=\"\" class=\"wp-image-851\" srcset=\"https:\/\/www.kalbus.de\/wp-content\/uploads\/2021\/08\/2021_0819_19234400.jpg 1776w, https:\/\/www.kalbus.de\/wp-content\/uploads\/2021\/08\/2021_0819_19234400-300x200.jpg 300w, https:\/\/www.kalbus.de\/wp-content\/uploads\/2021\/08\/2021_0819_19234400-768x512.jpg 768w, https:\/\/www.kalbus.de\/wp-content\/uploads\/2021\/08\/2021_0819_19234400-1024x683.jpg 1024w\" sizes=\"auto, (max-width: 1776px) 100vw, 1776px\" \/><\/figure>\n\n\n\n<p>Durch Konstanz hindurch und weiter zur Reichenau. Wer das Knoblauchsland bei N\u00fcrnberg kennt, kennt auch die Reichenau. Zwischen den Feldern und Gew\u00e4chsh\u00e4usern waren ein paar kleine Str\u00e4\u00dfchen und H\u00e4user. Es ist nicht so ganz klar, wo der Ort aufh\u00f6rt und wo die Felder beginnen. Und ganz oft auch Direktverk\u00e4ufe vom Hof. Was die Reichenau unterscheidet ist die Tatsache dass es eine Insel ist und eine der \u00e4ltesten Kirchen und r\u00f6mischen \u00dcberresten.<\/p>\n\n\n\n<p>Worauf ich mich aber am meisten gefreut habe war die Salatstube. Ein Lokal in einem Gew\u00e4chshaus einer G\u00e4rtnerei, die die Salate am Buffet selbst anbaut und zubereitet. Das gab es schon, als ich als kleiner Junge mit meinen Eltern unterwegs war, also gut 35 Jahre her. Leider, oder Gottseidank, war nicht zu viel los. Eine echte Ausnahme am Bodensee.<\/p>\n\n\n\n<p> <\/p>\n\n\n\n<figure class=\"wp-block-image size-large\"><img loading=\"lazy\" decoding=\"async\" width=\"1184\" height=\"1776\" src=\"https:\/\/www.kalbus.de\/wp-content\/uploads\/2021\/08\/2021_0819_192356003108586312181411858.jpg\" alt=\"\" class=\"wp-image-849\" srcset=\"https:\/\/www.kalbus.de\/wp-content\/uploads\/2021\/08\/2021_0819_192356003108586312181411858.jpg 1184w, https:\/\/www.kalbus.de\/wp-content\/uploads\/2021\/08\/2021_0819_192356003108586312181411858-200x300.jpg 200w, https:\/\/www.kalbus.de\/wp-content\/uploads\/2021\/08\/2021_0819_192356003108586312181411858-768x1152.jpg 768w, https:\/\/www.kalbus.de\/wp-content\/uploads\/2021\/08\/2021_0819_192356003108586312181411858-683x1024.jpg 683w\" sizes=\"auto, (max-width: 1184px) 100vw, 1184px\" \/><\/figure>\n\n\n\n<p>Das war es dann auch schon auf der Reichenau. Was also mit dem angebrochenen Tag machen? Ein Blick auf die Staumeldungen hat mir schnell klar gemacht, dass nicht zu viel touristisches mehr passieren wird. Warum also nicht bis Romanshorn fahren und dann mit der F\u00e4hre zur\u00fcck nach Friedrichshafen.<\/p>\n\n\n\n<p>Also los ging es. In Kreuzlingen w\u00e4re ich beinahe auf die schweizer Autobahn gefahren, bis ich meinem Navi klar gemacht habe &#8211; keine Autobahnen. Dann hat es mich brav von Kreisverkehr zu Kreisverkehr gelotst. Der Verkehr war sehr angenehm. Sch\u00f6n gem\u00e4chlich und die Schweizer fahren sehr viel r\u00fccksichtsvoller als wir Deutschen. Zwischenstop bei einem Migros &#8211; einkaufen.<\/p>\n\n\n\n<p>Kurz vor Romanshorn habe ich einen Blick auf die Karte geworfen und beschlossen einfach bis Bregenz weiter zu fahren, in \u00d6sterreich einzukaufen und zu tanken. Gedacht, getan und in einem Eurospar bin ich dann shoppen. Ein paar Backzutaten, Almdudler und f\u00fcr meinen J\u00fcngsten, noch ein paar Energy Pfirsich.<\/p>\n\n\n\n<p>Tanken war dann auch einigerma\u00dfen g\u00fcnstig und so bin ich dann ziemlich ger\u00e4dert am Campingplatz angekommen und habe schon Pl\u00e4ne f\u00fcr den n\u00e4chsten Tag gemacht. Einige meiner Ziele habe ich f\u00fcr diesen Urlaub gestrichen und beschlossen, dass es beim n\u00e4chsten mal anders laufen wird.<\/p>\n","protected":false},"excerpt":{"rendered":"<p>Der Bodensee und die Orte und Stra\u00dfen sind zu klein f\u00fcr die Touristenmassen, die, so wie auch ich, im Sommer mit dem eigenen Auto die Gegend erkunden und die Sehensw\u00fcrdigkeiten besichtigen wollen. Gef\u00fchlt sind es sogar auch schon fast zu viele Fahrradfahrer. Die Folge sind lange Staus, \u00fcberf\u00fcllte Innenst\u00e4dte und Parkpl\u00e4tze auf denen nicht mal &hellip; <a href=\"https:\/\/www.kalbus.de\/?p=855\" class=\"more-link\"><span class=\"screen-reader-text\">Lessons learned<\/span> weiterlesen<\/a><\/p>\n","protected":false},"author":1,"featured_media":0,"comment_status":"closed","ping_status":"closed","sticky":false,"template":"","format":"standard","meta":{"_jetpack_memberships_contains_paid_content":false,"footnotes":"","jetpack_publicize_message":"","jetpack_publicize_feature_enabled":true,"jetpack_social_post_already_shared":false,"jetpack_social_options":{"image_generator_settings":{"template":"highway","default_image_id":0,"font":"","enabled":false},"version":2}},"categories":[66,57],"tags":[65],"class_list":["post-855","post","type-post","status-publish","format-standard","hentry","category-bodensee-2021","category-reisen","tag-bodensee"],"jetpack_publicize_connections":[],"jetpack_featured_media_url":"","jetpack_shortlink":"https:\/\/wp.me\/p2LFC5-dN","jetpack_sharing_enabled":true,"_links":{"self":[{"href":"https:\/\/www.kalbus.de\/index.php?rest_route=\/wp\/v2\/posts\/855","targetHints":{"allow":["GET"]}}],"collection":[{"href":"https:\/\/www.kalbus.de\/index.php?rest_route=\/wp\/v2\/posts"}],"about":[{"href":"https:\/\/www.kalbus.de\/index.php?rest_route=\/wp\/v2\/types\/post"}],"author":[{"embeddable":true,"href":"https:\/\/www.kalbus.de\/index.php?rest_route=\/wp\/v2\/users\/1"}],"replies":[{"embeddable":true,"href":"https:\/\/www.kalbus.de\/index.php?rest_route=%2Fwp%2Fv2%2Fcomments&post=855"}],"version-history":[{"count":4,"href":"https:\/\/www.kalbus.de\/index.php?rest_route=\/wp\/v2\/posts\/855\/revisions"}],"predecessor-version":[{"id":877,"href":"https:\/\/www.kalbus.de\/index.php?rest_route=\/wp\/v2\/posts\/855\/revisions\/877"}],"wp:attachment":[{"href":"https:\/\/www.kalbus.de\/index.php?rest_route=%2Fwp%2Fv2%2Fmedia&parent=855"}],"wp:term":[{"taxonomy":"category","embeddable":true,"href":"https:\/\/www.kalbus.de\/index.php?rest_route=%2Fwp%2Fv2%2Fcategories&post=855"},{"taxonomy":"post_tag","embeddable":true,"href":"https:\/\/www.kalbus.de\/index.php?rest_route=%2Fwp%2Fv2%2Ftags&post=855"}],"curies":[{"name":"wp","href":"https:\/\/api.w.org\/{rel}","templated":true}]}}