{"id":831,"date":"2021-08-16T19:52:28","date_gmt":"2021-08-16T17:52:28","guid":{"rendered":"https:\/\/www.kalbus.de\/?p=831"},"modified":"2022-02-01T14:10:41","modified_gmt":"2022-02-01T13:10:41","slug":"museumstag","status":"publish","type":"post","link":"https:\/\/www.kalbus.de\/?p=831","title":{"rendered":"Museumstag"},"content":{"rendered":"\n<p>Der Wetterbericht hatte mit seiner Vorhersage recht. Um f\u00fcnf Uhr fr\u00fch gab es ein ordentliches Gewitter und die Regentropfen haben nur so auf das Dach meines Wohnwagens getrommelt. Die weiteren Aussichten f\u00fcr den Tag waren 100 % Regenwahrscheinlichkeit. Museum ist drinnen &#8211; also war der Plan f\u00fcr den Tag gemacht.<\/p>\n\n\n\n<figure class=\"wp-block-image size-large\"><img loading=\"lazy\" decoding=\"async\" width=\"1776\" height=\"1184\" src=\"https:\/\/www.kalbus.de\/wp-content\/uploads\/2021\/08\/2021_0816_18574700.jpg\" alt=\"\" class=\"wp-image-826\" srcset=\"https:\/\/www.kalbus.de\/wp-content\/uploads\/2021\/08\/2021_0816_18574700.jpg 1776w, https:\/\/www.kalbus.de\/wp-content\/uploads\/2021\/08\/2021_0816_18574700-300x200.jpg 300w, https:\/\/www.kalbus.de\/wp-content\/uploads\/2021\/08\/2021_0816_18574700-768x512.jpg 768w, https:\/\/www.kalbus.de\/wp-content\/uploads\/2021\/08\/2021_0816_18574700-1024x683.jpg 1024w\" sizes=\"auto, (max-width: 1776px) 100vw, 1776px\" \/><\/figure>\n\n\n\n<p>W\u00e4hrend meiner Schulzeit hatte ich einen Bericht \u00fcber das Flugschiff Do X gelesen und seit der Zeit haben mich Wasserflugzeuge fasziniert. Das Dornier Museum musste ich also besuchen. <\/p>\n\n\n\n<figure class=\"wp-block-image size-large\"><img loading=\"lazy\" decoding=\"async\" width=\"1776\" height=\"1184\" src=\"https:\/\/www.kalbus.de\/wp-content\/uploads\/2021\/08\/2021_0816_18575200.jpg\" alt=\"\" class=\"wp-image-824\" srcset=\"https:\/\/www.kalbus.de\/wp-content\/uploads\/2021\/08\/2021_0816_18575200.jpg 1776w, https:\/\/www.kalbus.de\/wp-content\/uploads\/2021\/08\/2021_0816_18575200-300x200.jpg 300w, https:\/\/www.kalbus.de\/wp-content\/uploads\/2021\/08\/2021_0816_18575200-768x512.jpg 768w, https:\/\/www.kalbus.de\/wp-content\/uploads\/2021\/08\/2021_0816_18575200-1024x683.jpg 1024w\" sizes=\"auto, (max-width: 1776px) 100vw, 1776px\" \/><\/figure>\n\n\n\n<p>Es gab nur eine Do X und die wurde im Krieg zerst\u00f6rt, also gab es nur ein Modell zu sehen. Allerdings noch ganz viele andere Exponate, denn Dornier ist weiter in der Luft- und Raumfahrttechnik aktiv. Etliche sehr vielseitige Propellermaschinen und Satelliten wurden von Dornier entwickelt. <\/p>\n\n\n\n<figure class=\"wp-block-image size-large\"><img loading=\"lazy\" decoding=\"async\" width=\"1184\" height=\"1776\" src=\"https:\/\/www.kalbus.de\/wp-content\/uploads\/2021\/08\/2021_0816_1858010074681301830893121.jpg\" alt=\"\" class=\"wp-image-818\" srcset=\"https:\/\/www.kalbus.de\/wp-content\/uploads\/2021\/08\/2021_0816_1858010074681301830893121.jpg 1184w, https:\/\/www.kalbus.de\/wp-content\/uploads\/2021\/08\/2021_0816_1858010074681301830893121-200x300.jpg 200w, https:\/\/www.kalbus.de\/wp-content\/uploads\/2021\/08\/2021_0816_1858010074681301830893121-768x1152.jpg 768w, https:\/\/www.kalbus.de\/wp-content\/uploads\/2021\/08\/2021_0816_1858010074681301830893121-683x1024.jpg 683w\" sizes=\"auto, (max-width: 1184px) 100vw, 1184px\" \/><\/figure>\n\n\n\n<p>Die Do 27 wurde ber\u00fchmt, da sie im Film \u201eSerengeti darf nicht sterben\u201c von Bernhard Grzimek im Zebra Muster geflogen wurde. Und noch so vieles mehr gab es zu sehen und bestaunen.<\/p>\n\n\n\n<figure class=\"wp-block-image size-large\"><img loading=\"lazy\" decoding=\"async\" width=\"1776\" height=\"1184\" src=\"https:\/\/www.kalbus.de\/wp-content\/uploads\/2021\/08\/2021_0816_18580800.jpg\" alt=\"\" class=\"wp-image-822\" srcset=\"https:\/\/www.kalbus.de\/wp-content\/uploads\/2021\/08\/2021_0816_18580800.jpg 1776w, https:\/\/www.kalbus.de\/wp-content\/uploads\/2021\/08\/2021_0816_18580800-300x200.jpg 300w, https:\/\/www.kalbus.de\/wp-content\/uploads\/2021\/08\/2021_0816_18580800-768x512.jpg 768w, https:\/\/www.kalbus.de\/wp-content\/uploads\/2021\/08\/2021_0816_18580800-1024x683.jpg 1024w\" sizes=\"auto, (max-width: 1776px) 100vw, 1776px\" \/><\/figure>\n\n\n\n<p>Aber dann ging es noch ins Zeppelin Museum und ich war ein bisschen stolz auf mich, weil ich gleich beim Dornier Museum das Kombi Ticket gekauft hatte und mir so eine lange Warteschlange sparen konnte. Und ich durfte mich \u00fcberall mit der Luca App einchecken und meinen Impfnachweis vorzeigen. The new normal.<\/p>\n\n\n\n<p> <\/p>\n\n\n\n<figure class=\"wp-block-image size-large\"><img loading=\"lazy\" decoding=\"async\" width=\"1776\" height=\"1184\" src=\"https:\/\/www.kalbus.de\/wp-content\/uploads\/2021\/08\/2021_0816_18581300.jpg\" alt=\"\" class=\"wp-image-827\" srcset=\"https:\/\/www.kalbus.de\/wp-content\/uploads\/2021\/08\/2021_0816_18581300.jpg 1776w, https:\/\/www.kalbus.de\/wp-content\/uploads\/2021\/08\/2021_0816_18581300-300x200.jpg 300w, https:\/\/www.kalbus.de\/wp-content\/uploads\/2021\/08\/2021_0816_18581300-768x512.jpg 768w, https:\/\/www.kalbus.de\/wp-content\/uploads\/2021\/08\/2021_0816_18581300-1024x683.jpg 1024w\" sizes=\"auto, (max-width: 1776px) 100vw, 1776px\" \/><\/figure>\n\n\n\n<p>Der nachgebaute Teil des Zeppelins LZ 129 Hindenburg ist schon beeindruckend. Vor allem, wenn man bedenkt, dass das nur ein kleines Teil ist und der Zeppelin knapp 300 m lang war. Aber jetzt erst mal ins Innere.<\/p>\n\n\n\n<figure class=\"wp-block-image size-large\"><img loading=\"lazy\" decoding=\"async\" width=\"1184\" height=\"1776\" src=\"https:\/\/www.kalbus.de\/wp-content\/uploads\/2021\/08\/2021_0816_185826008813609704035491978.jpg\" alt=\"\" class=\"wp-image-819\" srcset=\"https:\/\/www.kalbus.de\/wp-content\/uploads\/2021\/08\/2021_0816_185826008813609704035491978.jpg 1184w, https:\/\/www.kalbus.de\/wp-content\/uploads\/2021\/08\/2021_0816_185826008813609704035491978-200x300.jpg 200w, https:\/\/www.kalbus.de\/wp-content\/uploads\/2021\/08\/2021_0816_185826008813609704035491978-768x1152.jpg 768w, https:\/\/www.kalbus.de\/wp-content\/uploads\/2021\/08\/2021_0816_185826008813609704035491978-683x1024.jpg 683w\" sizes=\"auto, (max-width: 1184px) 100vw, 1184px\" \/><\/figure>\n\n\n\n<p>Beeindruckend ist der viele Platz mit Salons, Schlafkabinen, Schreibstube und der tollen Aussicht. Wahrlich ein luxuri\u00f6ses Luftschiff und das Reisen damit w\u00fcrde auch heutzutage bestimmt viel Spa\u00df machen. Also ich w\u00e4re dabei\u2026<\/p>\n\n\n\n<figure class=\"wp-block-image size-large\"><img loading=\"lazy\" decoding=\"async\" width=\"1776\" height=\"1184\" src=\"https:\/\/www.kalbus.de\/wp-content\/uploads\/2021\/08\/2021_0816_18584000.jpg\" alt=\"\" class=\"wp-image-820\" srcset=\"https:\/\/www.kalbus.de\/wp-content\/uploads\/2021\/08\/2021_0816_18584000.jpg 1776w, https:\/\/www.kalbus.de\/wp-content\/uploads\/2021\/08\/2021_0816_18584000-300x200.jpg 300w, https:\/\/www.kalbus.de\/wp-content\/uploads\/2021\/08\/2021_0816_18584000-768x512.jpg 768w, https:\/\/www.kalbus.de\/wp-content\/uploads\/2021\/08\/2021_0816_18584000-1024x683.jpg 1024w\" sizes=\"auto, (max-width: 1776px) 100vw, 1776px\" \/><\/figure>\n\n\n\n<p>Das Design war damals top modern und ich finde es auch jetzt noch recht h\u00fcbsch.<\/p>\n\n\n\n<figure class=\"wp-block-image size-large\"><img loading=\"lazy\" decoding=\"async\" width=\"1776\" height=\"1184\" src=\"https:\/\/www.kalbus.de\/wp-content\/uploads\/2021\/08\/2021_0816_18583200.jpg\" alt=\"\" class=\"wp-image-821\" srcset=\"https:\/\/www.kalbus.de\/wp-content\/uploads\/2021\/08\/2021_0816_18583200.jpg 1776w, https:\/\/www.kalbus.de\/wp-content\/uploads\/2021\/08\/2021_0816_18583200-300x200.jpg 300w, https:\/\/www.kalbus.de\/wp-content\/uploads\/2021\/08\/2021_0816_18583200-768x512.jpg 768w, https:\/\/www.kalbus.de\/wp-content\/uploads\/2021\/08\/2021_0816_18583200-1024x683.jpg 1024w\" sizes=\"auto, (max-width: 1776px) 100vw, 1776px\" \/><\/figure>\n\n\n\n<p>Nat\u00fcrlich gab es im Museum auch viel \u00fcber die Entstehungsgeschichte und die vielen Versuche bis die Hindenburg gebaut wurde. Nat\u00fcrlich gab es auch einen Bereich \u00fcber das Ungl\u00fcck in Lakehurst mit einigen originalen \u00dcberresten. Schade, dass damals kein Helium f\u00fcr die deutschen Zeppeline verwendet werden konnte. <\/p>\n\n\n\n<p>Ich habe f\u00fcr den Tag mehr als genug gesehen. Ein Kaffe, ein Einkauf f\u00fcr den Abend und dann wieder zur\u00fcck zum Campingplatz. Dort wo ich gestern geschwommen bin waren heute ordentlich Wellen und die Surfer nutzten den Wind.<\/p>\n\n\n\n<figure class=\"wp-block-image size-large\"><img loading=\"lazy\" decoding=\"async\" width=\"1184\" height=\"1776\" src=\"https:\/\/www.kalbus.de\/wp-content\/uploads\/2021\/08\/2021_0816_185846002973052080622357275.jpg\" alt=\"\" class=\"wp-image-817\" srcset=\"https:\/\/www.kalbus.de\/wp-content\/uploads\/2021\/08\/2021_0816_185846002973052080622357275.jpg 1184w, https:\/\/www.kalbus.de\/wp-content\/uploads\/2021\/08\/2021_0816_185846002973052080622357275-200x300.jpg 200w, https:\/\/www.kalbus.de\/wp-content\/uploads\/2021\/08\/2021_0816_185846002973052080622357275-768x1152.jpg 768w, https:\/\/www.kalbus.de\/wp-content\/uploads\/2021\/08\/2021_0816_185846002973052080622357275-683x1024.jpg 683w\" sizes=\"auto, (max-width: 1184px) 100vw, 1184px\" \/><\/figure>\n","protected":false},"excerpt":{"rendered":"<p>Der Wetterbericht hatte mit seiner Vorhersage recht. Um f\u00fcnf Uhr fr\u00fch gab es ein ordentliches Gewitter und die Regentropfen haben nur so auf das Dach meines Wohnwagens getrommelt. Die weiteren Aussichten f\u00fcr den Tag waren 100 % Regenwahrscheinlichkeit. Museum ist drinnen &#8211; also war der Plan f\u00fcr den Tag gemacht. W\u00e4hrend meiner Schulzeit hatte ich &hellip; <a href=\"https:\/\/www.kalbus.de\/?p=831\" class=\"more-link\"><span class=\"screen-reader-text\">Museumstag<\/span> weiterlesen<\/a><\/p>\n","protected":false},"author":1,"featured_media":0,"comment_status":"closed","ping_status":"closed","sticky":false,"template":"","format":"standard","meta":{"_jetpack_memberships_contains_paid_content":false,"footnotes":"","jetpack_publicize_message":"","jetpack_publicize_feature_enabled":true,"jetpack_social_post_already_shared":false,"jetpack_social_options":{"image_generator_settings":{"template":"highway","default_image_id":0,"font":"","enabled":false},"version":2}},"categories":[66,57],"tags":[65],"class_list":["post-831","post","type-post","status-publish","format-standard","hentry","category-bodensee-2021","category-reisen","tag-bodensee"],"jetpack_publicize_connections":[],"jetpack_featured_media_url":"","jetpack_shortlink":"https:\/\/wp.me\/p2LFC5-dp","jetpack_sharing_enabled":true,"_links":{"self":[{"href":"https:\/\/www.kalbus.de\/index.php?rest_route=\/wp\/v2\/posts\/831","targetHints":{"allow":["GET"]}}],"collection":[{"href":"https:\/\/www.kalbus.de\/index.php?rest_route=\/wp\/v2\/posts"}],"about":[{"href":"https:\/\/www.kalbus.de\/index.php?rest_route=\/wp\/v2\/types\/post"}],"author":[{"embeddable":true,"href":"https:\/\/www.kalbus.de\/index.php?rest_route=\/wp\/v2\/users\/1"}],"replies":[{"embeddable":true,"href":"https:\/\/www.kalbus.de\/index.php?rest_route=%2Fwp%2Fv2%2Fcomments&post=831"}],"version-history":[{"count":2,"href":"https:\/\/www.kalbus.de\/index.php?rest_route=\/wp\/v2\/posts\/831\/revisions"}],"predecessor-version":[{"id":833,"href":"https:\/\/www.kalbus.de\/index.php?rest_route=\/wp\/v2\/posts\/831\/revisions\/833"}],"wp:attachment":[{"href":"https:\/\/www.kalbus.de\/index.php?rest_route=%2Fwp%2Fv2%2Fmedia&parent=831"}],"wp:term":[{"taxonomy":"category","embeddable":true,"href":"https:\/\/www.kalbus.de\/index.php?rest_route=%2Fwp%2Fv2%2Fcategories&post=831"},{"taxonomy":"post_tag","embeddable":true,"href":"https:\/\/www.kalbus.de\/index.php?rest_route=%2Fwp%2Fv2%2Ftags&post=831"}],"curies":[{"name":"wp","href":"https:\/\/api.w.org\/{rel}","templated":true}]}}