{"id":699,"date":"2020-08-28T20:47:47","date_gmt":"2020-08-28T18:47:47","guid":{"rendered":"http:\/\/www.kalbus.de\/?p=699"},"modified":"2022-02-01T14:12:12","modified_gmt":"2022-02-01T13:12:12","slug":"ruegen-sellin-prora","status":"publish","type":"post","link":"https:\/\/www.kalbus.de\/?p=699","title":{"rendered":"R\u00fcgen, Sellin, Prora"},"content":{"rendered":"\n<p>Heute bin ich mit der F\u00e4hre nach R\u00fcgen gefahren. In Stahlbrode, wo auch mein Campinplatz ist, liegt der Anleger f\u00fcr die F\u00e4hre. So bin ich abseits der Schnellstra\u00dfe nach R\u00fcgen gekommen und habe es von einer anderen Seite erlebt.<\/p>\n\n\n\n<figure class=\"wp-block-image\"><img loading=\"lazy\" decoding=\"async\" width=\"1024\" height=\"683\" src=\"https:\/\/www.kalbus.de\/wp-content\/uploads\/2020\/08\/DSCF2260-1024x683.jpg\" alt=\"\" class=\"wp-image-700\" srcset=\"https:\/\/www.kalbus.de\/wp-content\/uploads\/2020\/08\/DSCF2260-1024x683.jpg 1024w, https:\/\/www.kalbus.de\/wp-content\/uploads\/2020\/08\/DSCF2260-300x200.jpg 300w, https:\/\/www.kalbus.de\/wp-content\/uploads\/2020\/08\/DSCF2260-768x512.jpg 768w, https:\/\/www.kalbus.de\/wp-content\/uploads\/2020\/08\/DSCF2260.jpg 1200w\" sizes=\"auto, (max-width: 1024px) 100vw, 1024px\" \/><\/figure>\n\n\n\n<p>Die Nebenstra\u00dfen f\u00fchren durch Alleen, die von teilweise sehr alten B\u00e4umen ges\u00e4umt werden. Schnurgerade durch die Landschaft, links und rechts gro\u00dfe Felder und hin und wieder ein W\u00e4ldchen. Obwohl die See nie weit ist, habe ich auf R\u00fcgen nicht wirklich das Gef\u00fchl auf einer Insel zu sein. Sie hat ihren ganz eigenen Charme. <\/p>\n\n\n\n<p>Mitten drin kam ich dann durch Putbus und habe spontan angehalten. Ein Wildgehege direkt im Ort. Aber das war noch nicht alles.<\/p>\n\n\n\n<figure class=\"wp-block-image\"><img loading=\"lazy\" decoding=\"async\" width=\"1024\" height=\"683\" src=\"https:\/\/www.kalbus.de\/wp-content\/uploads\/2020\/08\/DSCF2267-1024x683.jpg\" alt=\"\" class=\"wp-image-702\" srcset=\"https:\/\/www.kalbus.de\/wp-content\/uploads\/2020\/08\/DSCF2267-1024x683.jpg 1024w, https:\/\/www.kalbus.de\/wp-content\/uploads\/2020\/08\/DSCF2267-300x200.jpg 300w, https:\/\/www.kalbus.de\/wp-content\/uploads\/2020\/08\/DSCF2267-768x512.jpg 768w, https:\/\/www.kalbus.de\/wp-content\/uploads\/2020\/08\/DSCF2267.jpg 1200w\" sizes=\"auto, (max-width: 1024px) 100vw, 1024px\" \/><\/figure>\n\n\n\n<p>Und im Hintergrund ein Schloss und die H\u00e4user entlang der Stra\u00dfe waren alle im klassizistischen Stil gebaut und vor jedem Haus waren Rosenst\u00e4mmchen. Wenn ich nicht in der Roseng\u00e4rtnerei meiner Eltern gro\u00df geworden w\u00e4re, w\u00e4re das vermutlich nicht so besonders gewesen&#8230;<\/p>\n\n\n\n<figure class=\"wp-block-image\"><img loading=\"lazy\" decoding=\"async\" width=\"1024\" height=\"683\" src=\"https:\/\/www.kalbus.de\/wp-content\/uploads\/2020\/08\/DSCF2263-1024x683.jpg\" alt=\"\" class=\"wp-image-701\" srcset=\"https:\/\/www.kalbus.de\/wp-content\/uploads\/2020\/08\/DSCF2263-1024x683.jpg 1024w, https:\/\/www.kalbus.de\/wp-content\/uploads\/2020\/08\/DSCF2263-300x200.jpg 300w, https:\/\/www.kalbus.de\/wp-content\/uploads\/2020\/08\/DSCF2263-768x512.jpg 768w, https:\/\/www.kalbus.de\/wp-content\/uploads\/2020\/08\/DSCF2263.jpg 1200w\" sizes=\"auto, (max-width: 1024px) 100vw, 1024px\" \/><figcaption>entlang der Stra\u00dfe<\/figcaption><\/figure>\n\n\n\n<figure class=\"wp-block-image\"><img loading=\"lazy\" decoding=\"async\" width=\"1024\" height=\"683\" src=\"https:\/\/www.kalbus.de\/wp-content\/uploads\/2020\/08\/DSCF2371-1024x683.jpg\" alt=\"\" class=\"wp-image-709\" srcset=\"https:\/\/www.kalbus.de\/wp-content\/uploads\/2020\/08\/DSCF2371-1024x683.jpg 1024w, https:\/\/www.kalbus.de\/wp-content\/uploads\/2020\/08\/DSCF2371-300x200.jpg 300w, https:\/\/www.kalbus.de\/wp-content\/uploads\/2020\/08\/DSCF2371-768x512.jpg 768w, https:\/\/www.kalbus.de\/wp-content\/uploads\/2020\/08\/DSCF2371.jpg 1200w\" sizes=\"auto, (max-width: 1024px) 100vw, 1024px\" \/><figcaption>Marktplatz<\/figcaption><\/figure>\n\n\n\n<p>Dann ging es weiter nach Sellin. Ein wundersch\u00f6nes Seebad, das an der Hochk\u00fcste liegt und deren Strand nur \u00fcber eine Treppe oder einen Aufzug erreichbar ist. Die Seebr\u00fccke wurde im Laufe der Zeit mehrmals durch Wind, Wetter und Eis zerst\u00f6rt und wurde erst in den 90ern nach alten Vorbildern wieder neu gebaut.<\/p>\n\n\n\n<figure class=\"wp-block-image\"><img loading=\"lazy\" decoding=\"async\" width=\"1024\" height=\"683\" src=\"https:\/\/www.kalbus.de\/wp-content\/uploads\/2020\/08\/DSCF2294-1024x683.jpg\" alt=\"\" class=\"wp-image-703\" srcset=\"https:\/\/www.kalbus.de\/wp-content\/uploads\/2020\/08\/DSCF2294-1024x683.jpg 1024w, https:\/\/www.kalbus.de\/wp-content\/uploads\/2020\/08\/DSCF2294-300x200.jpg 300w, https:\/\/www.kalbus.de\/wp-content\/uploads\/2020\/08\/DSCF2294-768x512.jpg 768w, https:\/\/www.kalbus.de\/wp-content\/uploads\/2020\/08\/DSCF2294.jpg 1200w\" sizes=\"auto, (max-width: 1024px) 100vw, 1024px\" \/><\/figure>\n\n\n\n<p>Als ich dort angekommen bin, war gerade eine Hochzeitsgesellschaft am Eintreffen. Ein durchaus sch\u00f6ner Ort f\u00fcr so einen Anlass. Fr\u00fcher war dort auch ein Tanzlokal und es muss die N\u00e4chte durchgetanzt worden sein. Aber das ist mittlerweile ja nicht mehr in Mode &#8211; schade eigentlich.<\/p>\n\n\n\n<figure class=\"wp-block-image\"><img loading=\"lazy\" decoding=\"async\" width=\"1024\" height=\"683\" src=\"https:\/\/www.kalbus.de\/wp-content\/uploads\/2020\/08\/DSCF2298-1024x683.jpg\" alt=\"\" class=\"wp-image-704\" srcset=\"https:\/\/www.kalbus.de\/wp-content\/uploads\/2020\/08\/DSCF2298-1024x683.jpg 1024w, https:\/\/www.kalbus.de\/wp-content\/uploads\/2020\/08\/DSCF2298-300x200.jpg 300w, https:\/\/www.kalbus.de\/wp-content\/uploads\/2020\/08\/DSCF2298-768x512.jpg 768w, https:\/\/www.kalbus.de\/wp-content\/uploads\/2020\/08\/DSCF2298.jpg 1200w\" sizes=\"auto, (max-width: 1024px) 100vw, 1024px\" \/><\/figure>\n\n\n\n<p>Daf\u00fcr ist der Strand fein s\u00e4uberlich gereinigt und ordentlich gemacht &#8211; nur schade, dass bei dem bew\u00f6lkten Wetter nur wenige da sind. Es gibt aber noch eine weitere Attraktion an der Seebr\u00fccke. Eine Tauchglocke, mit der man zum Ostseegrund tauchen kann. <\/p>\n\n\n\n<figure class=\"wp-block-image\"><img loading=\"lazy\" decoding=\"async\" width=\"1024\" height=\"683\" src=\"https:\/\/www.kalbus.de\/wp-content\/uploads\/2020\/08\/DSCF2302-1024x683.jpg\" alt=\"\" class=\"wp-image-705\" srcset=\"https:\/\/www.kalbus.de\/wp-content\/uploads\/2020\/08\/DSCF2302-1024x683.jpg 1024w, https:\/\/www.kalbus.de\/wp-content\/uploads\/2020\/08\/DSCF2302-300x200.jpg 300w, https:\/\/www.kalbus.de\/wp-content\/uploads\/2020\/08\/DSCF2302-768x512.jpg 768w, https:\/\/www.kalbus.de\/wp-content\/uploads\/2020\/08\/DSCF2302.jpg 1200w\" sizes=\"auto, (max-width: 1024px) 100vw, 1024px\" \/><\/figure>\n\n\n\n<p>Nach einem ausgedehnten Spaziergang wollte ich noch weiter und mir den KdF Komplex Prora anschauen.<\/p>\n\n\n\n<figure class=\"wp-block-image\"><img loading=\"lazy\" decoding=\"async\" width=\"1024\" height=\"683\" src=\"https:\/\/www.kalbus.de\/wp-content\/uploads\/2020\/08\/DSCF2321-1024x683.jpg\" alt=\"\" class=\"wp-image-706\" srcset=\"https:\/\/www.kalbus.de\/wp-content\/uploads\/2020\/08\/DSCF2321-1024x683.jpg 1024w, https:\/\/www.kalbus.de\/wp-content\/uploads\/2020\/08\/DSCF2321-300x200.jpg 300w, https:\/\/www.kalbus.de\/wp-content\/uploads\/2020\/08\/DSCF2321-768x512.jpg 768w, https:\/\/www.kalbus.de\/wp-content\/uploads\/2020\/08\/DSCF2321.jpg 1200w\" sizes=\"auto, (max-width: 1024px) 100vw, 1024px\" \/><\/figure>\n\n\n\n<p>Allerdings muss ich sagen, dass der Strand von Sellin deutlich ansprechender war. Prora ist nur auf dem Papier beeindruckend, denn wenn man dort ist, gibt es wenig, dass noch beeindruckend w\u00e4re. Vom Strand ist nichts davon zu sehen, denn ein K\u00fcstenw\u00e4ldchen deckt den Mantel des Schweigens dar\u00fcber. <\/p>\n\n\n\n<p>Und direkt dort vor Ort? Sehr viel Aktivit\u00e4t von Bauunternehmen, die Ferienwohnungen mit Meerblick verkaufen. Schick renoviert, sch\u00f6n wei\u00df, mit ansprechenden Au\u00dfenanlagen. Nichts was noch an den Beton- und Backsteinkoloss erinnert. Auch die lange Front verschwindet durch die nahen B\u00e4ume und das Gr\u00fcn. Die Natur ist manchmal gn\u00e4dig. <\/p>\n\n\n\n<figure class=\"wp-block-image\"><img loading=\"lazy\" decoding=\"async\" width=\"1024\" height=\"683\" src=\"https:\/\/www.kalbus.de\/wp-content\/uploads\/2020\/08\/DSCF2361-1024x683.jpg\" alt=\"\" class=\"wp-image-708\" srcset=\"https:\/\/www.kalbus.de\/wp-content\/uploads\/2020\/08\/DSCF2361-1024x683.jpg 1024w, https:\/\/www.kalbus.de\/wp-content\/uploads\/2020\/08\/DSCF2361-300x200.jpg 300w, https:\/\/www.kalbus.de\/wp-content\/uploads\/2020\/08\/DSCF2361-768x512.jpg 768w, https:\/\/www.kalbus.de\/wp-content\/uploads\/2020\/08\/DSCF2361.jpg 1200w\" sizes=\"auto, (max-width: 1024px) 100vw, 1024px\" \/><\/figure>\n\n\n\n<p>Das Ausma\u00df des Ganzen l\u00e4sst sich wohl nur auf Luftaufnahmen erkennen. Im Hintergrund noch ein nicht renovierter Teil mit dem wunderbar grauen Betonputz<\/p>\n","protected":false},"excerpt":{"rendered":"<p>Heute bin ich mit der F\u00e4hre nach R\u00fcgen gefahren. In Stahlbrode, wo auch mein Campinplatz ist, liegt der Anleger f\u00fcr die F\u00e4hre. So bin ich abseits der Schnellstra\u00dfe nach R\u00fcgen gekommen und habe es von einer anderen Seite erlebt. Die Nebenstra\u00dfen f\u00fchren durch Alleen, die von teilweise sehr alten B\u00e4umen ges\u00e4umt werden. Schnurgerade durch die &hellip; <a href=\"https:\/\/www.kalbus.de\/?p=699\" class=\"more-link\"><span class=\"screen-reader-text\">R\u00fcgen, Sellin, Prora<\/span> weiterlesen<\/a><\/p>\n","protected":false},"author":1,"featured_media":0,"comment_status":"closed","ping_status":"closed","sticky":false,"template":"","format":"standard","meta":{"_jetpack_memberships_contains_paid_content":false,"footnotes":"","jetpack_publicize_message":"","jetpack_publicize_feature_enabled":true,"jetpack_social_post_already_shared":false,"jetpack_social_options":{"image_generator_settings":{"template":"highway","default_image_id":0,"font":"","enabled":false},"version":2}},"categories":[68,57],"tags":[61],"class_list":["post-699","post","type-post","status-publish","format-standard","hentry","category-ostsee-2020","category-reisen","tag-ostsee-2020"],"jetpack_publicize_connections":[],"jetpack_featured_media_url":"","jetpack_shortlink":"https:\/\/wp.me\/p2LFC5-bh","jetpack_sharing_enabled":true,"_links":{"self":[{"href":"https:\/\/www.kalbus.de\/index.php?rest_route=\/wp\/v2\/posts\/699","targetHints":{"allow":["GET"]}}],"collection":[{"href":"https:\/\/www.kalbus.de\/index.php?rest_route=\/wp\/v2\/posts"}],"about":[{"href":"https:\/\/www.kalbus.de\/index.php?rest_route=\/wp\/v2\/types\/post"}],"author":[{"embeddable":true,"href":"https:\/\/www.kalbus.de\/index.php?rest_route=\/wp\/v2\/users\/1"}],"replies":[{"embeddable":true,"href":"https:\/\/www.kalbus.de\/index.php?rest_route=%2Fwp%2Fv2%2Fcomments&post=699"}],"version-history":[{"count":1,"href":"https:\/\/www.kalbus.de\/index.php?rest_route=\/wp\/v2\/posts\/699\/revisions"}],"predecessor-version":[{"id":710,"href":"https:\/\/www.kalbus.de\/index.php?rest_route=\/wp\/v2\/posts\/699\/revisions\/710"}],"wp:attachment":[{"href":"https:\/\/www.kalbus.de\/index.php?rest_route=%2Fwp%2Fv2%2Fmedia&parent=699"}],"wp:term":[{"taxonomy":"category","embeddable":true,"href":"https:\/\/www.kalbus.de\/index.php?rest_route=%2Fwp%2Fv2%2Fcategories&post=699"},{"taxonomy":"post_tag","embeddable":true,"href":"https:\/\/www.kalbus.de\/index.php?rest_route=%2Fwp%2Fv2%2Ftags&post=699"}],"curies":[{"name":"wp","href":"https:\/\/api.w.org\/{rel}","templated":true}]}}