{"id":495,"date":"2019-07-05T19:52:59","date_gmt":"2019-07-05T17:52:59","guid":{"rendered":"http:\/\/www.kalbus.de\/?p=495"},"modified":"2022-02-01T14:12:36","modified_gmt":"2022-02-01T13:12:36","slug":"unterwegs-nach-andoya","status":"publish","type":"post","link":"https:\/\/www.kalbus.de\/?p=495","title":{"rendered":"Unterwegs nach And\u00f8ya"},"content":{"rendered":"\n<p>Heute war mal wieder Reisetag, und doch gab es sehr viel f\u00fcr mich zu sehen. Die Landschaft am Austnesfjord hat mich sehr an den Urlaub vor zwei Jahren erinnert. Fjordnorwegen sah so \u00e4hnlich aus. Aber je weiter ich nach Norden kam, um so mehr ver\u00e4nderte sie die Landschaft.<\/p>\n\n\n\n<figure class=\"wp-block-image\"><img loading=\"lazy\" decoding=\"async\" width=\"1024\" height=\"683\" src=\"https:\/\/www.kalbus.de\/wp-content\/uploads\/2019\/07\/dscf8283-1024x683.jpg\" alt=\"\" class=\"wp-image-496\" srcset=\"https:\/\/www.kalbus.de\/wp-content\/uploads\/2019\/07\/dscf8283-1024x683.jpg 1024w, https:\/\/www.kalbus.de\/wp-content\/uploads\/2019\/07\/dscf8283-300x200.jpg 300w, https:\/\/www.kalbus.de\/wp-content\/uploads\/2019\/07\/dscf8283-768x512.jpg 768w, https:\/\/www.kalbus.de\/wp-content\/uploads\/2019\/07\/dscf8283-960x640.jpg 960w, https:\/\/www.kalbus.de\/wp-content\/uploads\/2019\/07\/dscf8283-450x300.jpg 450w, https:\/\/www.kalbus.de\/wp-content\/uploads\/2019\/07\/dscf8283.jpg 1200w\" sizes=\"auto, (max-width: 1024px) 100vw, 1024px\" \/><figcaption>Moltebeere <em>(Rubus chamaemorus)<\/em><br><\/figcaption><\/figure>\n\n\n\n<p>Es waren heute bei der Fahrt auch einige Tunnels dabei, der l\u00e4ngste 6 km. Und jedes mal, wenn ich aus dem Tunnel kam, hatte sich die Landschaft ver\u00e4ndert. Einmal wildes, unber\u00fchrtes Tal, danach Landwirtschaft und sanfte H\u00fcgel, und dann wieder auf einmal am Meer. Und bei einer Pause habe ich die Moltebeere entdeckt. Eine Art Bodenbrombeere, ohne Stacheln.<\/p>\n\n\n\n<figure class=\"wp-block-image\"><img loading=\"lazy\" decoding=\"async\" width=\"1024\" height=\"683\" src=\"https:\/\/www.kalbus.de\/wp-content\/uploads\/2019\/07\/dscf8296-1024x683.jpg\" alt=\"\" class=\"wp-image-498\" srcset=\"https:\/\/www.kalbus.de\/wp-content\/uploads\/2019\/07\/dscf8296-1024x683.jpg 1024w, https:\/\/www.kalbus.de\/wp-content\/uploads\/2019\/07\/dscf8296-300x200.jpg 300w, https:\/\/www.kalbus.de\/wp-content\/uploads\/2019\/07\/dscf8296-768x512.jpg 768w, https:\/\/www.kalbus.de\/wp-content\/uploads\/2019\/07\/dscf8296-960x640.jpg 960w, https:\/\/www.kalbus.de\/wp-content\/uploads\/2019\/07\/dscf8296-450x300.jpg 450w, https:\/\/www.kalbus.de\/wp-content\/uploads\/2019\/07\/dscf8296.jpg 1200w\" sizes=\"auto, (max-width: 1024px) 100vw, 1024px\" \/><figcaption>Hafen von Sortland<\/figcaption><\/figure>\n\n\n\n<p>Und so kam ich am Hafen von Sortland vorbei. Das ist eine Station n\u00f6rdlich von Stokmarknes, wo ich mit den Hurtigruten gestartet bin. Und es lag ein Schiff von den Hurtigruten und die AIDAaura im Hafen. Den Andrang in dem Ort m\u00f6chte ich mir mal nicht vorstellen.<\/p>\n\n\n\n<figure class=\"wp-block-image\"><img loading=\"lazy\" decoding=\"async\" width=\"1024\" height=\"683\" src=\"https:\/\/www.kalbus.de\/wp-content\/uploads\/2019\/07\/dscf8291-1024x683.jpg\" alt=\"\" class=\"wp-image-497\" srcset=\"https:\/\/www.kalbus.de\/wp-content\/uploads\/2019\/07\/dscf8291-1024x683.jpg 1024w, https:\/\/www.kalbus.de\/wp-content\/uploads\/2019\/07\/dscf8291-300x200.jpg 300w, https:\/\/www.kalbus.de\/wp-content\/uploads\/2019\/07\/dscf8291-768x512.jpg 768w, https:\/\/www.kalbus.de\/wp-content\/uploads\/2019\/07\/dscf8291-960x640.jpg 960w, https:\/\/www.kalbus.de\/wp-content\/uploads\/2019\/07\/dscf8291-450x300.jpg 450w, https:\/\/www.kalbus.de\/wp-content\/uploads\/2019\/07\/dscf8291.jpg 1200w\" sizes=\"auto, (max-width: 1024px) 100vw, 1024px\" \/><\/figure>\n\n\n\n<p>Auch schneebedeckte Berge habe ich w\u00e4hrend der Fahrt gesehen. Gl\u00fccklicherweise rissen die Wolken immer weiter auf, je weiter ich nach And\u00f8ya kam. Am Campingplatz angekommen war die Rezeption erst mal geschlossen, aber \u00fcberhaupt kein Problem. &#8220;Bitte Platz suchen und selber eintragen. Sp\u00e4ter dann anmelden und bezahlen.&#8221; WLAN Passwort stand auch dabei. Sehr unkompliziert und angenehm das.<\/p>\n\n\n\n<figure class=\"wp-block-image\"><img loading=\"lazy\" decoding=\"async\" width=\"1024\" height=\"683\" src=\"https:\/\/www.kalbus.de\/wp-content\/uploads\/2019\/07\/dscf8312-1024x683.jpg\" alt=\"\" class=\"wp-image-499\" srcset=\"https:\/\/www.kalbus.de\/wp-content\/uploads\/2019\/07\/dscf8312-1024x683.jpg 1024w, https:\/\/www.kalbus.de\/wp-content\/uploads\/2019\/07\/dscf8312-300x200.jpg 300w, https:\/\/www.kalbus.de\/wp-content\/uploads\/2019\/07\/dscf8312-768x512.jpg 768w, https:\/\/www.kalbus.de\/wp-content\/uploads\/2019\/07\/dscf8312-960x640.jpg 960w, https:\/\/www.kalbus.de\/wp-content\/uploads\/2019\/07\/dscf8312-450x300.jpg 450w, https:\/\/www.kalbus.de\/wp-content\/uploads\/2019\/07\/dscf8312.jpg 1200w\" sizes=\"auto, (max-width: 1024px) 100vw, 1024px\" \/><figcaption>Strand von Andenes Camping<\/figcaption><\/figure>\n\n\n\n<p>Vom Wohnwagen aus geht es direkt an den Strand. Der w\u00e4rmste Tag, der sch\u00f6nste Sand und das am n\u00f6rdlichsten Zipfel meiner Reise.<\/p>\n\n\n\n<figure class=\"wp-block-image\"><img loading=\"lazy\" decoding=\"async\" width=\"683\" height=\"1024\" src=\"https:\/\/www.kalbus.de\/wp-content\/uploads\/2019\/07\/dscf8317-683x1024.jpg\" alt=\"\" class=\"wp-image-500\" srcset=\"https:\/\/www.kalbus.de\/wp-content\/uploads\/2019\/07\/dscf8317-683x1024.jpg 683w, https:\/\/www.kalbus.de\/wp-content\/uploads\/2019\/07\/dscf8317-200x300.jpg 200w, https:\/\/www.kalbus.de\/wp-content\/uploads\/2019\/07\/dscf8317-768x1152.jpg 768w, https:\/\/www.kalbus.de\/wp-content\/uploads\/2019\/07\/dscf8317.jpg 800w\" sizes=\"auto, (max-width: 683px) 100vw, 683px\" \/><figcaption>wundersch\u00f6ner, wei\u00dfer Sand<\/figcaption><\/figure>\n","protected":false},"excerpt":{"rendered":"<p>Heute war mal wieder Reisetag, und doch gab es sehr viel f\u00fcr mich zu sehen. Die Landschaft am Austnesfjord hat mich sehr an den Urlaub vor zwei Jahren erinnert. Fjordnorwegen sah so \u00e4hnlich aus. Aber je weiter ich nach Norden kam, um so mehr ver\u00e4nderte sie die Landschaft. Es waren heute bei der Fahrt auch &hellip; <a href=\"https:\/\/www.kalbus.de\/?p=495\" class=\"more-link\"><span class=\"screen-reader-text\">Unterwegs nach And\u00f8ya<\/span> weiterlesen<\/a><\/p>\n","protected":false},"author":1,"featured_media":0,"comment_status":"closed","ping_status":"closed","sticky":false,"template":"","format":"standard","meta":{"_jetpack_memberships_contains_paid_content":false,"footnotes":"","jetpack_publicize_message":"","jetpack_publicize_feature_enabled":true,"jetpack_social_post_already_shared":true,"jetpack_social_options":{"image_generator_settings":{"template":"highway","default_image_id":0,"font":"","enabled":false},"version":2}},"categories":[69,57],"tags":[58,59],"class_list":["post-495","post","type-post","status-publish","format-standard","hentry","category-lofoten-2019","category-reisen","tag-lofoten-2019","tag-norwegen"],"jetpack_publicize_connections":[],"jetpack_featured_media_url":"","jetpack_shortlink":"https:\/\/wp.me\/p2LFC5-7Z","jetpack_sharing_enabled":true,"_links":{"self":[{"href":"https:\/\/www.kalbus.de\/index.php?rest_route=\/wp\/v2\/posts\/495","targetHints":{"allow":["GET"]}}],"collection":[{"href":"https:\/\/www.kalbus.de\/index.php?rest_route=\/wp\/v2\/posts"}],"about":[{"href":"https:\/\/www.kalbus.de\/index.php?rest_route=\/wp\/v2\/types\/post"}],"author":[{"embeddable":true,"href":"https:\/\/www.kalbus.de\/index.php?rest_route=\/wp\/v2\/users\/1"}],"replies":[{"embeddable":true,"href":"https:\/\/www.kalbus.de\/index.php?rest_route=%2Fwp%2Fv2%2Fcomments&post=495"}],"version-history":[{"count":3,"href":"https:\/\/www.kalbus.de\/index.php?rest_route=\/wp\/v2\/posts\/495\/revisions"}],"predecessor-version":[{"id":642,"href":"https:\/\/www.kalbus.de\/index.php?rest_route=\/wp\/v2\/posts\/495\/revisions\/642"}],"wp:attachment":[{"href":"https:\/\/www.kalbus.de\/index.php?rest_route=%2Fwp%2Fv2%2Fmedia&parent=495"}],"wp:term":[{"taxonomy":"category","embeddable":true,"href":"https:\/\/www.kalbus.de\/index.php?rest_route=%2Fwp%2Fv2%2Fcategories&post=495"},{"taxonomy":"post_tag","embeddable":true,"href":"https:\/\/www.kalbus.de\/index.php?rest_route=%2Fwp%2Fv2%2Ftags&post=495"}],"curies":[{"name":"wp","href":"https:\/\/api.w.org\/{rel}","templated":true}]}}