{"id":476,"date":"2019-07-02T14:49:21","date_gmt":"2019-07-02T12:49:21","guid":{"rendered":"http:\/\/www.kalbus.de\/?p=476"},"modified":"2022-02-01T14:12:36","modified_gmt":"2022-02-01T13:12:36","slug":"reisetag-richtung-norden","status":"publish","type":"post","link":"https:\/\/www.kalbus.de\/?p=476","title":{"rendered":"Reisetag, Richtung Norden"},"content":{"rendered":"\n<p>So beeindruckend der S\u00fcden von Lofoten auch ist, geht es mir so, wie damals vor zwei Jahren, als ich mir meinen Jungs in Fjordnorwegen war. Noch ein Fjord, oder die Reiseroute \u00e4ndern? Dann doch lieber \u00e4ndern.<\/p>\n\n\n\n<figure class=\"wp-block-image\"><img loading=\"lazy\" decoding=\"async\" width=\"1024\" height=\"683\" src=\"https:\/\/www.kalbus.de\/wp-content\/uploads\/2019\/07\/dscf8061-1024x683.jpg\" alt=\"\" class=\"wp-image-477\" srcset=\"https:\/\/www.kalbus.de\/wp-content\/uploads\/2019\/07\/dscf8061-1024x683.jpg 1024w, https:\/\/www.kalbus.de\/wp-content\/uploads\/2019\/07\/dscf8061-300x200.jpg 300w, https:\/\/www.kalbus.de\/wp-content\/uploads\/2019\/07\/dscf8061-768x512.jpg 768w, https:\/\/www.kalbus.de\/wp-content\/uploads\/2019\/07\/dscf8061-960x640.jpg 960w, https:\/\/www.kalbus.de\/wp-content\/uploads\/2019\/07\/dscf8061-450x300.jpg 450w, https:\/\/www.kalbus.de\/wp-content\/uploads\/2019\/07\/dscf8061.jpg 1200w\" sizes=\"auto, (max-width: 1024px) 100vw, 1024px\" \/><\/figure>\n\n\n\n<p>Und so geht es mir gerade. Eigentlich wollte ich l\u00e4nger im S\u00fcden von Lofoten bleiben, aber so wie das Wetter war, habe ich sogar an einen Abbruch und Verlegung nach S\u00fcdschweden gedacht. Ist nicht!<\/p>\n\n\n\n<p>Also erst mal weiter nach Norden an Svolv\u00e6r vorbei bis zum Sildpollen Sj\u00f8camp. Ein wundersch\u00f6ner Campingplatz, direkt am Fjord und traumhafter Ruhe. Nur hin und wieder schreien hier die M\u00f6wen.<\/p>\n\n\n\n<figure class=\"wp-block-image\"><img loading=\"lazy\" decoding=\"async\" width=\"1024\" height=\"683\" src=\"https:\/\/www.kalbus.de\/wp-content\/uploads\/2019\/07\/dscf8068-1024x683.jpg\" alt=\"\" class=\"wp-image-478\" srcset=\"https:\/\/www.kalbus.de\/wp-content\/uploads\/2019\/07\/dscf8068-1024x683.jpg 1024w, https:\/\/www.kalbus.de\/wp-content\/uploads\/2019\/07\/dscf8068-300x200.jpg 300w, https:\/\/www.kalbus.de\/wp-content\/uploads\/2019\/07\/dscf8068-768x512.jpg 768w, https:\/\/www.kalbus.de\/wp-content\/uploads\/2019\/07\/dscf8068-960x640.jpg 960w, https:\/\/www.kalbus.de\/wp-content\/uploads\/2019\/07\/dscf8068-450x300.jpg 450w, https:\/\/www.kalbus.de\/wp-content\/uploads\/2019\/07\/dscf8068.jpg 1200w\" sizes=\"auto, (max-width: 1024px) 100vw, 1024px\" \/><\/figure>\n\n\n\n<p>Ich stehe also direkt am Wasser und freue mich einfach nur \u00fcber die tolle Aussicht. Das WLAN ist hier nicht ganz so stark und sobald ich im Wohnwagen bin, ist das Signal weg, aber das macht \u00fcberhaupt nix aus, denn ein paar Meter weiter ist eine Bank, mit der selben Aussicht, an der ich jetzt gerade sitze und tippe. Die Postkarten, die ich noch schreiben m\u00f6chte musste ich allerdings mit einem Stein beschweren, sonst h\u00e4tte sie der Wind davon geblasen.<\/p>\n\n\n\n<figure class=\"wp-block-image\"><img loading=\"lazy\" decoding=\"async\" width=\"683\" height=\"1024\" src=\"https:\/\/www.kalbus.de\/wp-content\/uploads\/2019\/07\/dscf8070-683x1024.jpg\" alt=\"\" class=\"wp-image-479\" srcset=\"https:\/\/www.kalbus.de\/wp-content\/uploads\/2019\/07\/dscf8070-683x1024.jpg 683w, https:\/\/www.kalbus.de\/wp-content\/uploads\/2019\/07\/dscf8070-200x300.jpg 200w, https:\/\/www.kalbus.de\/wp-content\/uploads\/2019\/07\/dscf8070-768x1152.jpg 768w, https:\/\/www.kalbus.de\/wp-content\/uploads\/2019\/07\/dscf8070.jpg 800w\" sizes=\"auto, (max-width: 683px) 100vw, 683px\" \/><\/figure>\n","protected":false},"excerpt":{"rendered":"<p>So beeindruckend der S\u00fcden von Lofoten auch ist, geht es mir so, wie damals vor zwei Jahren, als ich mir meinen Jungs in Fjordnorwegen war. Noch ein Fjord, oder die Reiseroute \u00e4ndern? Dann doch lieber \u00e4ndern. Und so geht es mir gerade. Eigentlich wollte ich l\u00e4nger im S\u00fcden von Lofoten bleiben, aber so wie das &hellip; <a href=\"https:\/\/www.kalbus.de\/?p=476\" class=\"more-link\"><span class=\"screen-reader-text\">Reisetag, Richtung Norden<\/span> weiterlesen<\/a><\/p>\n","protected":false},"author":1,"featured_media":0,"comment_status":"closed","ping_status":"closed","sticky":false,"template":"","format":"standard","meta":{"_jetpack_memberships_contains_paid_content":false,"footnotes":"","jetpack_publicize_message":"","jetpack_publicize_feature_enabled":true,"jetpack_social_post_already_shared":true,"jetpack_social_options":{"image_generator_settings":{"template":"highway","default_image_id":0,"font":"","enabled":false},"version":2}},"categories":[69,57],"tags":[58,59],"class_list":["post-476","post","type-post","status-publish","format-standard","hentry","category-lofoten-2019","category-reisen","tag-lofoten-2019","tag-norwegen"],"jetpack_publicize_connections":[],"jetpack_featured_media_url":"","jetpack_shortlink":"https:\/\/wp.me\/p2LFC5-7G","jetpack_sharing_enabled":true,"_links":{"self":[{"href":"https:\/\/www.kalbus.de\/index.php?rest_route=\/wp\/v2\/posts\/476","targetHints":{"allow":["GET"]}}],"collection":[{"href":"https:\/\/www.kalbus.de\/index.php?rest_route=\/wp\/v2\/posts"}],"about":[{"href":"https:\/\/www.kalbus.de\/index.php?rest_route=\/wp\/v2\/types\/post"}],"author":[{"embeddable":true,"href":"https:\/\/www.kalbus.de\/index.php?rest_route=\/wp\/v2\/users\/1"}],"replies":[{"embeddable":true,"href":"https:\/\/www.kalbus.de\/index.php?rest_route=%2Fwp%2Fv2%2Fcomments&post=476"}],"version-history":[{"count":1,"href":"https:\/\/www.kalbus.de\/index.php?rest_route=\/wp\/v2\/posts\/476\/revisions"}],"predecessor-version":[{"id":480,"href":"https:\/\/www.kalbus.de\/index.php?rest_route=\/wp\/v2\/posts\/476\/revisions\/480"}],"wp:attachment":[{"href":"https:\/\/www.kalbus.de\/index.php?rest_route=%2Fwp%2Fv2%2Fmedia&parent=476"}],"wp:term":[{"taxonomy":"category","embeddable":true,"href":"https:\/\/www.kalbus.de\/index.php?rest_route=%2Fwp%2Fv2%2Fcategories&post=476"},{"taxonomy":"post_tag","embeddable":true,"href":"https:\/\/www.kalbus.de\/index.php?rest_route=%2Fwp%2Fv2%2Ftags&post=476"}],"curies":[{"name":"wp","href":"https:\/\/api.w.org\/{rel}","templated":true}]}}