{"id":438,"date":"2019-06-27T20:44:00","date_gmt":"2019-06-27T18:44:00","guid":{"rendered":"http:\/\/www.kalbus.de\/?p=438"},"modified":"2022-02-01T14:13:06","modified_gmt":"2022-02-01T13:13:06","slug":"vestvagoy","status":"publish","type":"post","link":"https:\/\/www.kalbus.de\/?p=438","title":{"rendered":"Vestvag\u00f8y"},"content":{"rendered":"\n<p>Heute Morgen war das Wetter deutlich besser, als es gestern aufgeh\u00f6rt hatte. Die Sonne schien und war wie ich hoch motiviert, das Beste aus dem Tag zu machen. Ich bin also nach dem Fr\u00fchst\u00fcck ins Auto gestiegen und wollte mir die sch\u00f6nsten Str\u00e4nde der Lofoten anschauen.<\/p>\n\n\n\n<p>Es sollte zum Ramberg Strand und zum Haukland Strand bei Utakleiv gehen. Zwei Wege dorthin &#8211; ich entschied mich nat\u00fcrlich nicht f\u00fcr den direkten Weg \u00fcber die E 10 sondern die Route an der S\u00fcdk\u00fcste \u00fcber die 815. Irgendwie habe ich \u00fcber diese Strecke deutlich l\u00e4nger gebraucht, als angegeben, aber das lag an den vielen Fotostops.<\/p>\n\n\n\n<figure class=\"wp-block-image\"><img loading=\"lazy\" decoding=\"async\" width=\"1024\" height=\"683\" src=\"https:\/\/www.kalbus.de\/wp-content\/uploads\/2019\/06\/dscf7691-1024x683.jpg\" alt=\"\" class=\"wp-image-439\" srcset=\"https:\/\/www.kalbus.de\/wp-content\/uploads\/2019\/06\/dscf7691-1024x683.jpg 1024w, https:\/\/www.kalbus.de\/wp-content\/uploads\/2019\/06\/dscf7691-300x200.jpg 300w, https:\/\/www.kalbus.de\/wp-content\/uploads\/2019\/06\/dscf7691-768x512.jpg 768w, https:\/\/www.kalbus.de\/wp-content\/uploads\/2019\/06\/dscf7691-960x640.jpg 960w, https:\/\/www.kalbus.de\/wp-content\/uploads\/2019\/06\/dscf7691-450x300.jpg 450w, https:\/\/www.kalbus.de\/wp-content\/uploads\/2019\/06\/dscf7691.jpg 1200w\" sizes=\"auto, (max-width: 1024px) 100vw, 1024px\" \/><\/figure>\n\n\n\n<p>Diese Landschaft beeindruckt mich sehr. Moore, Str\u00e4nde, W\u00e4ldchen, Gebirge, es ist alles dabei und meist ist nach einer Kurve oder einem H\u00fcgel alles wieder ganz anders. Leider hielt sich das sonnige Wetter nicht so recht und am Ramberg Strand war es dann f\u00fcrs Fotografieren nicht mehr so toll. <\/p>\n\n\n\n<figure class=\"wp-block-image\"><img loading=\"lazy\" decoding=\"async\" width=\"1024\" height=\"683\" src=\"https:\/\/www.kalbus.de\/wp-content\/uploads\/2019\/06\/dscf7712-1024x683.jpg\" alt=\"\" class=\"wp-image-440\" srcset=\"https:\/\/www.kalbus.de\/wp-content\/uploads\/2019\/06\/dscf7712-1024x683.jpg 1024w, https:\/\/www.kalbus.de\/wp-content\/uploads\/2019\/06\/dscf7712-300x200.jpg 300w, https:\/\/www.kalbus.de\/wp-content\/uploads\/2019\/06\/dscf7712-768x512.jpg 768w, https:\/\/www.kalbus.de\/wp-content\/uploads\/2019\/06\/dscf7712-960x640.jpg 960w, https:\/\/www.kalbus.de\/wp-content\/uploads\/2019\/06\/dscf7712-450x300.jpg 450w, https:\/\/www.kalbus.de\/wp-content\/uploads\/2019\/06\/dscf7712.jpg 1200w\" sizes=\"auto, (max-width: 1024px) 100vw, 1024px\" \/><\/figure>\n\n\n\n<p>Auf diese Bank wollte ich mich dann doch nicht hinsetzen. Windig war es und die Wolken fegten nur so \u00fcber den Himmel. Vielleicht hatte ich ja in Haukland mehr Gl\u00fcck.<\/p>\n\n\n\n<figure class=\"wp-block-image\"><img loading=\"lazy\" decoding=\"async\" width=\"1024\" height=\"683\" src=\"https:\/\/www.kalbus.de\/wp-content\/uploads\/2019\/06\/dscf7745-1024x683.jpg\" alt=\"\" class=\"wp-image-441\" srcset=\"https:\/\/www.kalbus.de\/wp-content\/uploads\/2019\/06\/dscf7745-1024x683.jpg 1024w, https:\/\/www.kalbus.de\/wp-content\/uploads\/2019\/06\/dscf7745-300x200.jpg 300w, https:\/\/www.kalbus.de\/wp-content\/uploads\/2019\/06\/dscf7745-768x512.jpg 768w, https:\/\/www.kalbus.de\/wp-content\/uploads\/2019\/06\/dscf7745-960x640.jpg 960w, https:\/\/www.kalbus.de\/wp-content\/uploads\/2019\/06\/dscf7745-450x300.jpg 450w, https:\/\/www.kalbus.de\/wp-content\/uploads\/2019\/06\/dscf7745.jpg 1200w\" sizes=\"auto, (max-width: 1024px) 100vw, 1024px\" \/><\/figure>\n\n\n\n<p>Das Wetter war nicht besser, aber die Aussicht um so spektakul\u00e4rer. Ein schneidender Wind blies mir ins Gesicht und ich hab mir freiwillig die dickere Jacke und die Kapuze aufgesetzt. Allerdings habe ich gesehen, dass sich tats\u00e4chlich jemand zum Baden ins Wasser getraut hat. Bei 10\u00b0 Luft und eher weniger Wassertemperatur. <\/p>\n\n\n\n<p>Am Abend am Campingplatz war das Wetter wieder ruhiger und ein paar Sonnenstrahlen blitzten wieder durch die Wolken.<\/p>\n\n\n\n<figure class=\"wp-block-image\"><img loading=\"lazy\" decoding=\"async\" width=\"1024\" height=\"683\" src=\"https:\/\/www.kalbus.de\/wp-content\/uploads\/2019\/06\/dscf7762-1024x683.jpg\" alt=\"\" class=\"wp-image-442\" srcset=\"https:\/\/www.kalbus.de\/wp-content\/uploads\/2019\/06\/dscf7762-1024x683.jpg 1024w, https:\/\/www.kalbus.de\/wp-content\/uploads\/2019\/06\/dscf7762-300x200.jpg 300w, https:\/\/www.kalbus.de\/wp-content\/uploads\/2019\/06\/dscf7762-768x512.jpg 768w, https:\/\/www.kalbus.de\/wp-content\/uploads\/2019\/06\/dscf7762-960x640.jpg 960w, https:\/\/www.kalbus.de\/wp-content\/uploads\/2019\/06\/dscf7762-450x300.jpg 450w, https:\/\/www.kalbus.de\/wp-content\/uploads\/2019\/06\/dscf7762.jpg 1200w\" sizes=\"auto, (max-width: 1024px) 100vw, 1024px\" \/><\/figure>\n","protected":false},"excerpt":{"rendered":"<p>Heute Morgen war das Wetter deutlich besser, als es gestern aufgeh\u00f6rt hatte. Die Sonne schien und war wie ich hoch motiviert, das Beste aus dem Tag zu machen. Ich bin also nach dem Fr\u00fchst\u00fcck ins Auto gestiegen und wollte mir die sch\u00f6nsten Str\u00e4nde der Lofoten anschauen. Es sollte zum Ramberg Strand und zum Haukland Strand &hellip; <a href=\"https:\/\/www.kalbus.de\/?p=438\" class=\"more-link\"><span class=\"screen-reader-text\">Vestvag\u00f8y<\/span> weiterlesen<\/a><\/p>\n","protected":false},"author":1,"featured_media":0,"comment_status":"closed","ping_status":"closed","sticky":false,"template":"","format":"standard","meta":{"_jetpack_memberships_contains_paid_content":false,"footnotes":"","jetpack_publicize_message":"","jetpack_publicize_feature_enabled":true,"jetpack_social_post_already_shared":true,"jetpack_social_options":{"image_generator_settings":{"template":"highway","default_image_id":0,"font":"","enabled":false},"version":2}},"categories":[69,57],"tags":[58,59],"class_list":["post-438","post","type-post","status-publish","format-standard","hentry","category-lofoten-2019","category-reisen","tag-lofoten-2019","tag-norwegen"],"jetpack_publicize_connections":[],"jetpack_featured_media_url":"","jetpack_shortlink":"https:\/\/wp.me\/p2LFC5-74","jetpack_sharing_enabled":true,"_links":{"self":[{"href":"https:\/\/www.kalbus.de\/index.php?rest_route=\/wp\/v2\/posts\/438","targetHints":{"allow":["GET"]}}],"collection":[{"href":"https:\/\/www.kalbus.de\/index.php?rest_route=\/wp\/v2\/posts"}],"about":[{"href":"https:\/\/www.kalbus.de\/index.php?rest_route=\/wp\/v2\/types\/post"}],"author":[{"embeddable":true,"href":"https:\/\/www.kalbus.de\/index.php?rest_route=\/wp\/v2\/users\/1"}],"replies":[{"embeddable":true,"href":"https:\/\/www.kalbus.de\/index.php?rest_route=%2Fwp%2Fv2%2Fcomments&post=438"}],"version-history":[{"count":1,"href":"https:\/\/www.kalbus.de\/index.php?rest_route=\/wp\/v2\/posts\/438\/revisions"}],"predecessor-version":[{"id":443,"href":"https:\/\/www.kalbus.de\/index.php?rest_route=\/wp\/v2\/posts\/438\/revisions\/443"}],"wp:attachment":[{"href":"https:\/\/www.kalbus.de\/index.php?rest_route=%2Fwp%2Fv2%2Fmedia&parent=438"}],"wp:term":[{"taxonomy":"category","embeddable":true,"href":"https:\/\/www.kalbus.de\/index.php?rest_route=%2Fwp%2Fv2%2Fcategories&post=438"},{"taxonomy":"post_tag","embeddable":true,"href":"https:\/\/www.kalbus.de\/index.php?rest_route=%2Fwp%2Fv2%2Ftags&post=438"}],"curies":[{"name":"wp","href":"https:\/\/api.w.org\/{rel}","templated":true}]}}