{"id":423,"date":"2019-06-23T20:00:23","date_gmt":"2019-06-23T18:00:23","guid":{"rendered":"http:\/\/www.kalbus.de\/?p=423"},"modified":"2022-02-01T14:13:06","modified_gmt":"2022-02-01T13:13:06","slug":"schweden-ade-norwegen-ich-komme","status":"publish","type":"post","link":"https:\/\/www.kalbus.de\/?p=423","title":{"rendered":"Schweden ade, Norwegen ich komme"},"content":{"rendered":"\n<p>Die letzte Etappe hat mich dann so weit in den Norden gef\u00fchrt, dass ich auf meiner geplanten Route nicht mehr weit vom Grenz\u00fcbertritt nach Norwegen entfernt war. Es waren aber noch immer etliche Kilometer von \u00d6resund nach Mo I Rana.<\/p>\n\n\n\n<p>So ging es denn nun weiter durch die Schwedischen W\u00e4lder und Weiten. Die Temperatur war nun etwas gefallen und es waren nur noch 15 Grad, aber bei Sonnenschein war das zum Fahren prima.<\/p>\n\n\n\n<p>Zwischen Norwegen und Schweden zieht sich ein Gebirgsr\u00fccken, der auch die Wasser- und Wetterscheide bildet. W\u00e4hrend es in Schweden \u00fcberwiegend sonnig und trocken war, hat mich Norwegen so begr\u00fc\u00dft, wie ich es von meinem letzten Urlaub in Erinnerung hatte. Nass und Kalt. Aber ich wollte es ja so. <\/p>\n\n\n\n<figure class=\"wp-block-image\"><img loading=\"lazy\" decoding=\"async\" width=\"1024\" height=\"683\" src=\"https:\/\/www.kalbus.de\/wp-content\/uploads\/2019\/06\/dscf7532-1024x683.jpg\" alt=\"\" class=\"wp-image-408\" srcset=\"https:\/\/www.kalbus.de\/wp-content\/uploads\/2019\/06\/dscf7532-1024x683.jpg 1024w, https:\/\/www.kalbus.de\/wp-content\/uploads\/2019\/06\/dscf7532-300x200.jpg 300w, https:\/\/www.kalbus.de\/wp-content\/uploads\/2019\/06\/dscf7532-768x512.jpg 768w, https:\/\/www.kalbus.de\/wp-content\/uploads\/2019\/06\/dscf7532-960x640.jpg 960w, https:\/\/www.kalbus.de\/wp-content\/uploads\/2019\/06\/dscf7532-450x300.jpg 450w, https:\/\/www.kalbus.de\/wp-content\/uploads\/2019\/06\/dscf7532.jpg 1200w\" sizes=\"auto, (max-width: 1024px) 100vw, 1024px\" \/><figcaption>Kurz hinter der Schwedisch-Norwegischen Grenze<\/figcaption><\/figure>\n\n\n\n<p>Im Hintergrund die schneebedeckten Berge, \u00fcber mir Wolkenfetzen, die der Wind so dahin treibt und die Temperatur bei 9\u00b0 Celsius. Willkommen in Norwegen.<\/p>\n\n\n\n<p>Bis Mo I Rana bin ich dann noch gekommen und habe mir zum ersten mal auf dieser Fahrt einen Campingplatz gesucht. Endlich mal wieder sch\u00f6n warm Duschen und ganz entspannt Geschirr abwaschen. Ein sch\u00f6ner, einfacher Campingplatz direkt an der E6, wo ich dann am n\u00e4chsten Morgen gleich aufbrechen und weiter fahren kann.<\/p>\n","protected":false},"excerpt":{"rendered":"<p>Die letzte Etappe hat mich dann so weit in den Norden gef\u00fchrt, dass ich auf meiner geplanten Route nicht mehr weit vom Grenz\u00fcbertritt nach Norwegen entfernt war. Es waren aber noch immer etliche Kilometer von \u00d6resund nach Mo I Rana. So ging es denn nun weiter durch die Schwedischen W\u00e4lder und Weiten. Die Temperatur war &hellip; <a href=\"https:\/\/www.kalbus.de\/?p=423\" class=\"more-link\"><span class=\"screen-reader-text\">Schweden ade, Norwegen ich komme<\/span> weiterlesen<\/a><\/p>\n","protected":false},"author":1,"featured_media":0,"comment_status":"closed","ping_status":"closed","sticky":false,"template":"","format":"standard","meta":{"_jetpack_memberships_contains_paid_content":false,"footnotes":"","jetpack_publicize_message":"","jetpack_publicize_feature_enabled":true,"jetpack_social_post_already_shared":true,"jetpack_social_options":{"image_generator_settings":{"template":"highway","default_image_id":0,"font":"","enabled":false},"version":2}},"categories":[69,57],"tags":[58,59],"class_list":["post-423","post","type-post","status-publish","format-standard","hentry","category-lofoten-2019","category-reisen","tag-lofoten-2019","tag-norwegen"],"jetpack_publicize_connections":[],"jetpack_featured_media_url":"","jetpack_shortlink":"https:\/\/wp.me\/p2LFC5-6P","jetpack_sharing_enabled":true,"_links":{"self":[{"href":"https:\/\/www.kalbus.de\/index.php?rest_route=\/wp\/v2\/posts\/423","targetHints":{"allow":["GET"]}}],"collection":[{"href":"https:\/\/www.kalbus.de\/index.php?rest_route=\/wp\/v2\/posts"}],"about":[{"href":"https:\/\/www.kalbus.de\/index.php?rest_route=\/wp\/v2\/types\/post"}],"author":[{"embeddable":true,"href":"https:\/\/www.kalbus.de\/index.php?rest_route=\/wp\/v2\/users\/1"}],"replies":[{"embeddable":true,"href":"https:\/\/www.kalbus.de\/index.php?rest_route=%2Fwp%2Fv2%2Fcomments&post=423"}],"version-history":[{"count":2,"href":"https:\/\/www.kalbus.de\/index.php?rest_route=\/wp\/v2\/posts\/423\/revisions"}],"predecessor-version":[{"id":425,"href":"https:\/\/www.kalbus.de\/index.php?rest_route=\/wp\/v2\/posts\/423\/revisions\/425"}],"wp:attachment":[{"href":"https:\/\/www.kalbus.de\/index.php?rest_route=%2Fwp%2Fv2%2Fmedia&parent=423"}],"wp:term":[{"taxonomy":"category","embeddable":true,"href":"https:\/\/www.kalbus.de\/index.php?rest_route=%2Fwp%2Fv2%2Fcategories&post=423"},{"taxonomy":"post_tag","embeddable":true,"href":"https:\/\/www.kalbus.de\/index.php?rest_route=%2Fwp%2Fv2%2Ftags&post=423"}],"curies":[{"name":"wp","href":"https:\/\/api.w.org\/{rel}","templated":true}]}}