{"id":403,"date":"2019-06-20T17:58:24","date_gmt":"2019-06-20T15:58:24","guid":{"rendered":"http:\/\/www.kalbus.de\/?p=403"},"modified":"2022-02-01T14:13:07","modified_gmt":"2022-02-01T13:13:07","slug":"lofoten-die-reise-beginnt","status":"publish","type":"post","link":"https:\/\/www.kalbus.de\/?p=403","title":{"rendered":"Lofoten &#8211; die Reise beginnt"},"content":{"rendered":"\n<p>Die lange geplante Reise beginnt. Der Wohnwagen ist gepackt, das Auto gecheckt, was kann da noch schiefgehen. Um es vorweg zu nehmen, keine der bef\u00fcrchteten Katastrophen ist auf der Fahrt in den Norden eingetreten. <\/p>\n\n\n\n<p>Zun\u00e4chst geht es nach Rostock, um dann mit der F\u00e4hre nach Trelleborg im S\u00fcden Schwedens \u00fcberzusetzen. Bei meinem letzten Urlaub war ich froh, diesen Zeitpuffer zu haben. Dieses mal nicht, denn ich bin schon am Donnerstag Abend in Rostock angekommen und die F\u00e4hre geht erst um 15:30 Uhr.<\/p>\n\n\n\n<p>Also in Ruhe warten und nach dem Alltag zur Ruhe kommen. \u00dcbernachtet hatte ich auf einem Ausflugsparkplatz in Diedrichshagen und meine neue Elektrik konnte sich bew\u00e4hren.<\/p>\n\n\n\n<figure class=\"wp-block-image\"><img loading=\"lazy\" decoding=\"async\" width=\"683\" height=\"1024\" src=\"https:\/\/www.kalbus.de\/wp-content\/uploads\/2019\/06\/dscf7446-683x1024.jpg\" alt=\"\" class=\"wp-image-404\" srcset=\"https:\/\/www.kalbus.de\/wp-content\/uploads\/2019\/06\/dscf7446-683x1024.jpg 683w, https:\/\/www.kalbus.de\/wp-content\/uploads\/2019\/06\/dscf7446-200x300.jpg 200w, https:\/\/www.kalbus.de\/wp-content\/uploads\/2019\/06\/dscf7446-768x1152.jpg 768w, https:\/\/www.kalbus.de\/wp-content\/uploads\/2019\/06\/dscf7446.jpg 800w\" sizes=\"auto, (max-width: 683px) 100vw, 683px\" \/><figcaption>Im Hafen von Rostock<\/figcaption><\/figure>\n\n\n\n<p><\/p>\n","protected":false},"excerpt":{"rendered":"<p>Die lange geplante Reise beginnt. Der Wohnwagen ist gepackt, das Auto gecheckt, was kann da noch schiefgehen. Um es vorweg zu nehmen, keine der bef\u00fcrchteten Katastrophen ist auf der Fahrt in den Norden eingetreten. Zun\u00e4chst geht es nach Rostock, um dann mit der F\u00e4hre nach Trelleborg im S\u00fcden Schwedens \u00fcberzusetzen. Bei meinem letzten Urlaub war &hellip; <a href=\"https:\/\/www.kalbus.de\/?p=403\" class=\"more-link\"><span class=\"screen-reader-text\">Lofoten &#8211; die Reise beginnt<\/span> weiterlesen<\/a><\/p>\n","protected":false},"author":1,"featured_media":0,"comment_status":"closed","ping_status":"closed","sticky":false,"template":"","format":"standard","meta":{"_jetpack_memberships_contains_paid_content":false,"footnotes":"","jetpack_publicize_message":"","jetpack_publicize_feature_enabled":true,"jetpack_social_post_already_shared":true,"jetpack_social_options":{"image_generator_settings":{"template":"highway","default_image_id":0,"font":"","enabled":false},"version":2}},"categories":[69,57],"tags":[58],"class_list":["post-403","post","type-post","status-publish","format-standard","hentry","category-lofoten-2019","category-reisen","tag-lofoten-2019"],"jetpack_publicize_connections":[],"jetpack_featured_media_url":"","jetpack_shortlink":"https:\/\/wp.me\/p2LFC5-6v","jetpack_sharing_enabled":true,"_links":{"self":[{"href":"https:\/\/www.kalbus.de\/index.php?rest_route=\/wp\/v2\/posts\/403","targetHints":{"allow":["GET"]}}],"collection":[{"href":"https:\/\/www.kalbus.de\/index.php?rest_route=\/wp\/v2\/posts"}],"about":[{"href":"https:\/\/www.kalbus.de\/index.php?rest_route=\/wp\/v2\/types\/post"}],"author":[{"embeddable":true,"href":"https:\/\/www.kalbus.de\/index.php?rest_route=\/wp\/v2\/users\/1"}],"replies":[{"embeddable":true,"href":"https:\/\/www.kalbus.de\/index.php?rest_route=%2Fwp%2Fv2%2Fcomments&post=403"}],"version-history":[{"count":1,"href":"https:\/\/www.kalbus.de\/index.php?rest_route=\/wp\/v2\/posts\/403\/revisions"}],"predecessor-version":[{"id":415,"href":"https:\/\/www.kalbus.de\/index.php?rest_route=\/wp\/v2\/posts\/403\/revisions\/415"}],"wp:attachment":[{"href":"https:\/\/www.kalbus.de\/index.php?rest_route=%2Fwp%2Fv2%2Fmedia&parent=403"}],"wp:term":[{"taxonomy":"category","embeddable":true,"href":"https:\/\/www.kalbus.de\/index.php?rest_route=%2Fwp%2Fv2%2Fcategories&post=403"},{"taxonomy":"post_tag","embeddable":true,"href":"https:\/\/www.kalbus.de\/index.php?rest_route=%2Fwp%2Fv2%2Ftags&post=403"}],"curies":[{"name":"wp","href":"https:\/\/api.w.org\/{rel}","templated":true}]}}