{"id":2392,"date":"2025-07-06T22:08:25","date_gmt":"2025-07-06T20:08:25","guid":{"rendered":"https:\/\/www.kalbus.de\/?p=2392"},"modified":"2025-09-14T23:13:13","modified_gmt":"2025-09-14T21:13:13","slug":"zur-geierschlucht","status":"publish","type":"post","link":"https:\/\/www.kalbus.de\/?p=2392","title":{"rendered":"zur Geierschlucht"},"content":{"rendered":"\n<p>aber bis wir am Nachmittag dort ankommen haben wir noch ein paar Kilometer vor uns. Nach dem Fr\u00fchst\u00fcck wieder das morgendliche Ritual &#8211; Absp\u00fclen, Aufr\u00e4umen, Einpacken, Abbauen, Aufsitzen und los gehts.<\/p>\n\n\n\n<figure class=\"wp-block-image size-large\"><img loading=\"lazy\" decoding=\"async\" width=\"1024\" height=\"768\" src=\"https:\/\/www.kalbus.de\/wp-content\/uploads\/2025\/07\/DSCF5287-1024x768.jpg\" alt=\"\" class=\"wp-image-2396\" srcset=\"https:\/\/www.kalbus.de\/wp-content\/uploads\/2025\/07\/DSCF5287-1024x768.jpg 1024w, https:\/\/www.kalbus.de\/wp-content\/uploads\/2025\/07\/DSCF5287-300x225.jpg 300w, https:\/\/www.kalbus.de\/wp-content\/uploads\/2025\/07\/DSCF5287-768x576.jpg 768w, https:\/\/www.kalbus.de\/wp-content\/uploads\/2025\/07\/DSCF5287-1536x1152.jpg 1536w, https:\/\/www.kalbus.de\/wp-content\/uploads\/2025\/07\/DSCF5287.jpg 1920w\" sizes=\"auto, (max-width: 1024px) 100vw, 1024px\" \/><\/figure>\n\n\n\n<p>Der Regen und die Sonne haben ihre Spuren in der kargen Steppe hinterlassen und wir finden einen Weg mit dem Rotel zur D\u00fcne, damit auch jeder seine F\u00fc\u00dfe in den Sand dieser Riesend\u00fcne stecken kann. Die D\u00fcne ist zwischen zwei Bergz\u00fcgen entstanden, weil da der Wind entlang bl\u00e4st und dann den Sand dort ablagert. An manchen Stellen bis zu 200 Meter hoch und etliche Kilometer lang.<\/p>\n\n\n\n<figure class=\"wp-block-image size-large\"><img loading=\"lazy\" decoding=\"async\" width=\"1024\" height=\"378\" src=\"https:\/\/www.kalbus.de\/wp-content\/uploads\/2025\/07\/DSCF5284-1024x378.jpg\" alt=\"\" class=\"wp-image-2397\" srcset=\"https:\/\/www.kalbus.de\/wp-content\/uploads\/2025\/07\/DSCF5284-1024x378.jpg 1024w, https:\/\/www.kalbus.de\/wp-content\/uploads\/2025\/07\/DSCF5284-300x111.jpg 300w, https:\/\/www.kalbus.de\/wp-content\/uploads\/2025\/07\/DSCF5284-768x284.jpg 768w, https:\/\/www.kalbus.de\/wp-content\/uploads\/2025\/07\/DSCF5284-1536x567.jpg 1536w, https:\/\/www.kalbus.de\/wp-content\/uploads\/2025\/07\/DSCF5284.jpg 1920w\" sizes=\"auto, (max-width: 1024px) 100vw, 1024px\" \/><\/figure>\n\n\n\n<p>und der Wind, der den Sand transportiert und weitertr\u00e4gt ist verantwortlich f\u00fcr ihren Namen, denn erst durch ihn entstehen unter bestimmten Bedingungen T\u00f6ne. Leider hat es heute fr\u00fch auch noch nicht gepasst. Beeindruckend ist diese D\u00fcne aber auch so.<\/p>\n\n\n\n<figure class=\"wp-block-image size-large\"><img loading=\"lazy\" decoding=\"async\" width=\"1024\" height=\"768\" src=\"https:\/\/www.kalbus.de\/wp-content\/uploads\/2025\/07\/DSCF5288-1024x768.jpg\" alt=\"\" class=\"wp-image-2398\" srcset=\"https:\/\/www.kalbus.de\/wp-content\/uploads\/2025\/07\/DSCF5288-1024x768.jpg 1024w, https:\/\/www.kalbus.de\/wp-content\/uploads\/2025\/07\/DSCF5288-300x225.jpg 300w, https:\/\/www.kalbus.de\/wp-content\/uploads\/2025\/07\/DSCF5288-768x576.jpg 768w, https:\/\/www.kalbus.de\/wp-content\/uploads\/2025\/07\/DSCF5288-1536x1152.jpg 1536w, https:\/\/www.kalbus.de\/wp-content\/uploads\/2025\/07\/DSCF5288.jpg 1920w\" sizes=\"auto, (max-width: 1024px) 100vw, 1024px\" \/><\/figure>\n\n\n\n<p>Wir fahren noch lange an der D\u00fcne entlang, bis sie so nach und nach immer kleine wird, weil auch die Berge immer weiter auseinander R\u00fccken und das Tal den Wind nicht mehr so b\u00fcndeln kann. <\/p>\n\n\n\n<figure class=\"wp-block-image size-large\"><img loading=\"lazy\" decoding=\"async\" width=\"1024\" height=\"768\" src=\"https:\/\/www.kalbus.de\/wp-content\/uploads\/2025\/07\/DSCF5301-1024x768.jpg\" alt=\"\" class=\"wp-image-2400\" srcset=\"https:\/\/www.kalbus.de\/wp-content\/uploads\/2025\/07\/DSCF5301-1024x768.jpg 1024w, https:\/\/www.kalbus.de\/wp-content\/uploads\/2025\/07\/DSCF5301-300x225.jpg 300w, https:\/\/www.kalbus.de\/wp-content\/uploads\/2025\/07\/DSCF5301-768x576.jpg 768w, https:\/\/www.kalbus.de\/wp-content\/uploads\/2025\/07\/DSCF5301-1536x1152.jpg 1536w, https:\/\/www.kalbus.de\/wp-content\/uploads\/2025\/07\/DSCF5301.jpg 1920w\" sizes=\"auto, (max-width: 1024px) 100vw, 1024px\" \/><\/figure>\n\n\n\n<p>Bei der Weiterfahrt sind wir wohl irgendwo falsch abgebogen und der die Piste wird immer enger und die Aussichten spektakul\u00e4rer.<\/p>\n\n\n\n<figure class=\"wp-block-image size-large\"><img loading=\"lazy\" decoding=\"async\" width=\"1024\" height=\"768\" src=\"https:\/\/www.kalbus.de\/wp-content\/uploads\/2025\/07\/DSCF5294-1024x768.jpg\" alt=\"\" class=\"wp-image-2399\" srcset=\"https:\/\/www.kalbus.de\/wp-content\/uploads\/2025\/07\/DSCF5294-1024x768.jpg 1024w, https:\/\/www.kalbus.de\/wp-content\/uploads\/2025\/07\/DSCF5294-300x225.jpg 300w, https:\/\/www.kalbus.de\/wp-content\/uploads\/2025\/07\/DSCF5294-768x576.jpg 768w, https:\/\/www.kalbus.de\/wp-content\/uploads\/2025\/07\/DSCF5294-1536x1152.jpg 1536w, https:\/\/www.kalbus.de\/wp-content\/uploads\/2025\/07\/DSCF5294.jpg 1920w\" sizes=\"auto, (max-width: 1024px) 100vw, 1024px\" \/><\/figure>\n\n\n\n<p>Wir stehen an einem H\u00fcgelkamm, links und rechts geht es ordentlich abw\u00e4rts und sehr viel Platz bleibt f\u00fcrs Rotel nicht, bis Martin unser Reiseleiter verk\u00fcndet &#8211; ich wei\u00df wo wir entlang m\u00fcssen und deutet herunter ins Tal. <\/p>\n\n\n\n<figure class=\"wp-block-image size-large\"><img loading=\"lazy\" decoding=\"async\" width=\"1024\" height=\"768\" src=\"https:\/\/www.kalbus.de\/wp-content\/uploads\/2025\/07\/DSCF5299-1024x768.jpg\" alt=\"\" class=\"wp-image-2401\" srcset=\"https:\/\/www.kalbus.de\/wp-content\/uploads\/2025\/07\/DSCF5299-1024x768.jpg 1024w, https:\/\/www.kalbus.de\/wp-content\/uploads\/2025\/07\/DSCF5299-300x225.jpg 300w, https:\/\/www.kalbus.de\/wp-content\/uploads\/2025\/07\/DSCF5299-768x576.jpg 768w, https:\/\/www.kalbus.de\/wp-content\/uploads\/2025\/07\/DSCF5299-1536x1152.jpg 1536w, https:\/\/www.kalbus.de\/wp-content\/uploads\/2025\/07\/DSCF5299.jpg 1920w\" sizes=\"auto, (max-width: 1024px) 100vw, 1024px\" \/><\/figure>\n\n\n\n<p>Wir folgen der Piste, denn sie scheint grunds\u00e4tzlich in die richtige Richtung zu f\u00fchren, kommen in ein Tal und sehen dann v\u00f6llig erstaunte Menschen die da mit zwei drei Autos stehen und unser Rotel anschauen, wie eine Erscheinung vom Mars. Die fragen wir wohl besser nicht nach dem Weg.<\/p>\n\n\n\n<figure class=\"wp-block-image size-large\"><img loading=\"lazy\" decoding=\"async\" width=\"1024\" height=\"768\" src=\"https:\/\/www.kalbus.de\/wp-content\/uploads\/2025\/07\/DSCF5311-1024x768.jpg\" alt=\"\" class=\"wp-image-2402\" srcset=\"https:\/\/www.kalbus.de\/wp-content\/uploads\/2025\/07\/DSCF5311-1024x768.jpg 1024w, https:\/\/www.kalbus.de\/wp-content\/uploads\/2025\/07\/DSCF5311-300x225.jpg 300w, https:\/\/www.kalbus.de\/wp-content\/uploads\/2025\/07\/DSCF5311-768x576.jpg 768w, https:\/\/www.kalbus.de\/wp-content\/uploads\/2025\/07\/DSCF5311-1536x1152.jpg 1536w, https:\/\/www.kalbus.de\/wp-content\/uploads\/2025\/07\/DSCF5311.jpg 1920w\" sizes=\"auto, (max-width: 1024px) 100vw, 1024px\" \/><\/figure>\n\n\n\n<p>Es wird gr\u00fcner und eine Pferdeherde grast, ein paar Jurten stehen da und wir halten einfach mal an. <\/p>\n\n\n\n<figure class=\"wp-block-image size-large\"><img loading=\"lazy\" decoding=\"async\" width=\"1024\" height=\"768\" src=\"https:\/\/www.kalbus.de\/wp-content\/uploads\/2025\/07\/DSCF5308-1024x768.jpg\" alt=\"\" class=\"wp-image-2403\" srcset=\"https:\/\/www.kalbus.de\/wp-content\/uploads\/2025\/07\/DSCF5308-1024x768.jpg 1024w, https:\/\/www.kalbus.de\/wp-content\/uploads\/2025\/07\/DSCF5308-300x225.jpg 300w, https:\/\/www.kalbus.de\/wp-content\/uploads\/2025\/07\/DSCF5308-768x576.jpg 768w, https:\/\/www.kalbus.de\/wp-content\/uploads\/2025\/07\/DSCF5308-1536x1152.jpg 1536w, https:\/\/www.kalbus.de\/wp-content\/uploads\/2025\/07\/DSCF5308.jpg 1920w\" sizes=\"auto, (max-width: 1024px) 100vw, 1024px\" \/><\/figure>\n\n\n\n<p>Eine Schar Kinder kommt auf uns zu und bedeutet uns zu ein paar Tischen zu kommen die da irgendwo an der Piste stehen. Der gesch\u00e4ftst\u00fcchtigste unter ihnen meint nur &#8220;This is my business&#8221; und l\u00e4sst uns seine Ware, sch\u00f6ne gesammelte Steine und Kettchen sehen. Die anderen Kinder sind auch da und wir schenken, ihnen was wir mitgebracht haben, Buntstifte, Malb\u00fccher und Gummib\u00e4rchen. Ich mache ein paar Bilder von den Kindern und drucke dann auch eines der Bilder aus. Das kommt gut an. <\/p>\n\n\n\n<figure class=\"wp-block-image size-large\"><img loading=\"lazy\" decoding=\"async\" width=\"1024\" height=\"768\" src=\"https:\/\/www.kalbus.de\/wp-content\/uploads\/2025\/07\/DSCF5318-1024x768.jpg\" alt=\"\" class=\"wp-image-2404\" srcset=\"https:\/\/www.kalbus.de\/wp-content\/uploads\/2025\/07\/DSCF5318-1024x768.jpg 1024w, https:\/\/www.kalbus.de\/wp-content\/uploads\/2025\/07\/DSCF5318-300x225.jpg 300w, https:\/\/www.kalbus.de\/wp-content\/uploads\/2025\/07\/DSCF5318-768x576.jpg 768w, https:\/\/www.kalbus.de\/wp-content\/uploads\/2025\/07\/DSCF5318-1536x1152.jpg 1536w, https:\/\/www.kalbus.de\/wp-content\/uploads\/2025\/07\/DSCF5318.jpg 1920w\" sizes=\"auto, (max-width: 1024px) 100vw, 1024px\" \/><\/figure>\n\n\n\n<figure class=\"wp-block-image size-large\"><img loading=\"lazy\" decoding=\"async\" width=\"1024\" height=\"768\" src=\"https:\/\/www.kalbus.de\/wp-content\/uploads\/2025\/07\/DSCF5323-1024x768.jpg\" alt=\"\" class=\"wp-image-2405\" srcset=\"https:\/\/www.kalbus.de\/wp-content\/uploads\/2025\/07\/DSCF5323-1024x768.jpg 1024w, https:\/\/www.kalbus.de\/wp-content\/uploads\/2025\/07\/DSCF5323-300x225.jpg 300w, https:\/\/www.kalbus.de\/wp-content\/uploads\/2025\/07\/DSCF5323-768x576.jpg 768w, https:\/\/www.kalbus.de\/wp-content\/uploads\/2025\/07\/DSCF5323-1536x1152.jpg 1536w, https:\/\/www.kalbus.de\/wp-content\/uploads\/2025\/07\/DSCF5323.jpg 1920w\" sizes=\"auto, (max-width: 1024px) 100vw, 1024px\" \/><\/figure>\n\n\n\n<p>und ganz nebenbei entdecke ich einen wundersch\u00f6nen Schmetterling, einen Schwalbenschwanz, gro\u00df und pr\u00e4chtig.<\/p>\n\n\n\n<figure class=\"wp-block-image size-large\"><img loading=\"lazy\" decoding=\"async\" width=\"1024\" height=\"768\" src=\"https:\/\/www.kalbus.de\/wp-content\/uploads\/2025\/07\/DSCF5320-1024x768.jpg\" alt=\"\" class=\"wp-image-2406\" srcset=\"https:\/\/www.kalbus.de\/wp-content\/uploads\/2025\/07\/DSCF5320-1024x768.jpg 1024w, https:\/\/www.kalbus.de\/wp-content\/uploads\/2025\/07\/DSCF5320-300x225.jpg 300w, https:\/\/www.kalbus.de\/wp-content\/uploads\/2025\/07\/DSCF5320-768x576.jpg 768w, https:\/\/www.kalbus.de\/wp-content\/uploads\/2025\/07\/DSCF5320-1536x1152.jpg 1536w, https:\/\/www.kalbus.de\/wp-content\/uploads\/2025\/07\/DSCF5320.jpg 1920w\" sizes=\"auto, (max-width: 1024px) 100vw, 1024px\" \/><\/figure>\n\n\n\n<p>Nach diesem Zwischenstop sind wir der Piste und dem &#8220;richtigen&#8221; Weg wieder deutlich n\u00e4her und kommen f\u00fcr einen Einkaufsstop in Bayandalai an. Ein kleines verschlafenes Nest. Etwas f\u00fcr Mittags, etwas Wasser und ein Eis. Peter kauft f\u00fcrs Abendessen ein. Bin gespannt was es geben wird. <\/p>\n\n\n\n<figure class=\"wp-block-image size-large\"><img loading=\"lazy\" decoding=\"async\" width=\"1024\" height=\"768\" src=\"https:\/\/www.kalbus.de\/wp-content\/uploads\/2025\/07\/DSCF5325-1024x768.jpg\" alt=\"\" class=\"wp-image-2408\" srcset=\"https:\/\/www.kalbus.de\/wp-content\/uploads\/2025\/07\/DSCF5325-1024x768.jpg 1024w, https:\/\/www.kalbus.de\/wp-content\/uploads\/2025\/07\/DSCF5325-300x225.jpg 300w, https:\/\/www.kalbus.de\/wp-content\/uploads\/2025\/07\/DSCF5325-768x576.jpg 768w, https:\/\/www.kalbus.de\/wp-content\/uploads\/2025\/07\/DSCF5325-1536x1152.jpg 1536w, https:\/\/www.kalbus.de\/wp-content\/uploads\/2025\/07\/DSCF5325.jpg 1920w\" sizes=\"auto, (max-width: 1024px) 100vw, 1024px\" \/><\/figure>\n\n\n\n<p>Gegend, nichts als Gegend und auf einmal eine riesige Herde, Schafe und Ziegen. Wild hupend bahnen wir uns den Weg. Und dann grinsen uns auf einmal Kamele an. Es werden nicht die letzten sein, aber die standen so sch\u00f6n fotogen am Stra\u00dfenrand herum.<\/p>\n\n\n\n<figure class=\"wp-block-image size-large\"><img loading=\"lazy\" decoding=\"async\" width=\"1024\" height=\"768\" src=\"https:\/\/www.kalbus.de\/wp-content\/uploads\/2025\/07\/DSCF5328-1024x768.jpg\" alt=\"\" class=\"wp-image-2409\" srcset=\"https:\/\/www.kalbus.de\/wp-content\/uploads\/2025\/07\/DSCF5328-1024x768.jpg 1024w, https:\/\/www.kalbus.de\/wp-content\/uploads\/2025\/07\/DSCF5328-300x225.jpg 300w, https:\/\/www.kalbus.de\/wp-content\/uploads\/2025\/07\/DSCF5328-768x576.jpg 768w, https:\/\/www.kalbus.de\/wp-content\/uploads\/2025\/07\/DSCF5328-1536x1152.jpg 1536w, https:\/\/www.kalbus.de\/wp-content\/uploads\/2025\/07\/DSCF5328.jpg 1920w\" sizes=\"auto, (max-width: 1024px) 100vw, 1024px\" \/><\/figure>\n\n\n\n<p>W\u00e4hrend wir fahren beobachte ich unsren fortschritt auf meinem Handy. So ein offline Navi ist schon nett. Ankunft an der Geierschlucht &#8211; Yolyn Am und wir \u00fcberlegen ob wir jetzt noch rein fahren und die Wanderung in der Schlucht machen, oder erst am n\u00e4chsten Morgen. <\/p>\n\n\n\n<figure class=\"wp-block-image size-large\"><img loading=\"lazy\" decoding=\"async\" width=\"768\" height=\"1024\" src=\"https:\/\/www.kalbus.de\/wp-content\/uploads\/2025\/07\/DSCF5332-768x1024.jpg\" alt=\"\" class=\"wp-image-2410\" srcset=\"https:\/\/www.kalbus.de\/wp-content\/uploads\/2025\/07\/DSCF5332-768x1024.jpg 768w, https:\/\/www.kalbus.de\/wp-content\/uploads\/2025\/07\/DSCF5332-225x300.jpg 225w, https:\/\/www.kalbus.de\/wp-content\/uploads\/2025\/07\/DSCF5332-1152x1536.jpg 1152w, https:\/\/www.kalbus.de\/wp-content\/uploads\/2025\/07\/DSCF5332.jpg 1440w\" sizes=\"auto, (max-width: 768px) 100vw, 768px\" \/><\/figure>\n\n\n\n<p>Alle sind motiviert und haben Lust darauf also geht es rein in das Naturschutzgebiet. Am Besucherzentrum sind einige Parkpl\u00e4tze aber unser Rotel ist so gro\u00df, dass es ein wenig Abseits stehen darf. Und wir machen uns auf den Weg. <\/p>\n\n\n\n<figure class=\"wp-block-image size-large\"><img loading=\"lazy\" decoding=\"async\" width=\"768\" height=\"1024\" src=\"https:\/\/www.kalbus.de\/wp-content\/uploads\/2025\/07\/DSCF5334-768x1024.jpg\" alt=\"\" class=\"wp-image-2411\" srcset=\"https:\/\/www.kalbus.de\/wp-content\/uploads\/2025\/07\/DSCF5334-768x1024.jpg 768w, https:\/\/www.kalbus.de\/wp-content\/uploads\/2025\/07\/DSCF5334-225x300.jpg 225w, https:\/\/www.kalbus.de\/wp-content\/uploads\/2025\/07\/DSCF5334-1152x1536.jpg 1152w, https:\/\/www.kalbus.de\/wp-content\/uploads\/2025\/07\/DSCF5334.jpg 1440w\" sizes=\"auto, (max-width: 768px) 100vw, 768px\" \/><\/figure>\n\n\n\n<p>Noch ist das Tal weit und der Weg bequem. Es werden auch Pferde angeboten, damit man ein St\u00fcck weiter rein Reiten kann. F\u00fcr die Mongolen wohl selbstverst\u00e4ndlich, denn ich sehe einige die das machen, als h\u00e4tten sie nie etwas anderes gemacht.<\/p>\n\n\n\n<figure class=\"wp-block-image size-large\"><img loading=\"lazy\" decoding=\"async\" width=\"768\" height=\"1024\" src=\"https:\/\/www.kalbus.de\/wp-content\/uploads\/2025\/07\/DSCF5333-768x1024.jpg\" alt=\"\" class=\"wp-image-2412\" srcset=\"https:\/\/www.kalbus.de\/wp-content\/uploads\/2025\/07\/DSCF5333-768x1024.jpg 768w, https:\/\/www.kalbus.de\/wp-content\/uploads\/2025\/07\/DSCF5333-225x300.jpg 225w, https:\/\/www.kalbus.de\/wp-content\/uploads\/2025\/07\/DSCF5333-1152x1536.jpg 1152w, https:\/\/www.kalbus.de\/wp-content\/uploads\/2025\/07\/DSCF5333.jpg 1440w\" sizes=\"auto, (max-width: 768px) 100vw, 768px\" \/><\/figure>\n\n\n\n<p>Der Hengst wird mit den Fu\u00dffesseln am ausb\u00fcxen gehindert, so ist das eben. Ich verlasse mich auf meine F\u00fc\u00dfe und gehe weiter und die Berge r\u00fccken n\u00e4her.<\/p>\n\n\n\n<figure class=\"wp-block-image size-large\"><img loading=\"lazy\" decoding=\"async\" width=\"1024\" height=\"768\" src=\"https:\/\/www.kalbus.de\/wp-content\/uploads\/2025\/07\/DSCF5342-1024x768.jpg\" alt=\"\" class=\"wp-image-2413\" srcset=\"https:\/\/www.kalbus.de\/wp-content\/uploads\/2025\/07\/DSCF5342-1024x768.jpg 1024w, https:\/\/www.kalbus.de\/wp-content\/uploads\/2025\/07\/DSCF5342-300x225.jpg 300w, https:\/\/www.kalbus.de\/wp-content\/uploads\/2025\/07\/DSCF5342-768x576.jpg 768w, https:\/\/www.kalbus.de\/wp-content\/uploads\/2025\/07\/DSCF5342-1536x1152.jpg 1536w, https:\/\/www.kalbus.de\/wp-content\/uploads\/2025\/07\/DSCF5342.jpg 1920w\" sizes=\"auto, (max-width: 1024px) 100vw, 1024px\" \/><\/figure>\n\n\n\n<figure class=\"wp-block-image size-large\"><img loading=\"lazy\" decoding=\"async\" width=\"1024\" height=\"768\" src=\"https:\/\/www.kalbus.de\/wp-content\/uploads\/2025\/07\/DSCF5336-1024x768.jpg\" alt=\"\" class=\"wp-image-2414\" srcset=\"https:\/\/www.kalbus.de\/wp-content\/uploads\/2025\/07\/DSCF5336-1024x768.jpg 1024w, https:\/\/www.kalbus.de\/wp-content\/uploads\/2025\/07\/DSCF5336-300x225.jpg 300w, https:\/\/www.kalbus.de\/wp-content\/uploads\/2025\/07\/DSCF5336-768x576.jpg 768w, https:\/\/www.kalbus.de\/wp-content\/uploads\/2025\/07\/DSCF5336-1536x1152.jpg 1536w, https:\/\/www.kalbus.de\/wp-content\/uploads\/2025\/07\/DSCF5336.jpg 1920w\" sizes=\"auto, (max-width: 1024px) 100vw, 1024px\" \/><\/figure>\n\n\n\n<p>Irgendwann entdecke ich auch Geier, die \u00fcber der Schlucht kreisen und ihr ihren Namen gegeben haben. Sie sind weit weit weg und mehr als ein dunkler Klecks am Foto ist nicht. F\u00fcr Wildtier Fotografie habe ich nicht die richtige Ausr\u00fcstung.<\/p>\n\n\n\n<figure class=\"wp-block-image size-large\"><img loading=\"lazy\" decoding=\"async\" width=\"1024\" height=\"768\" src=\"https:\/\/www.kalbus.de\/wp-content\/uploads\/2025\/07\/DSCF5343-1024x768.jpg\" alt=\"\" class=\"wp-image-2415\" srcset=\"https:\/\/www.kalbus.de\/wp-content\/uploads\/2025\/07\/DSCF5343-1024x768.jpg 1024w, https:\/\/www.kalbus.de\/wp-content\/uploads\/2025\/07\/DSCF5343-300x225.jpg 300w, https:\/\/www.kalbus.de\/wp-content\/uploads\/2025\/07\/DSCF5343-768x576.jpg 768w, https:\/\/www.kalbus.de\/wp-content\/uploads\/2025\/07\/DSCF5343-1536x1152.jpg 1536w, https:\/\/www.kalbus.de\/wp-content\/uploads\/2025\/07\/DSCF5343.jpg 1920w\" sizes=\"auto, (max-width: 1024px) 100vw, 1024px\" \/><\/figure>\n\n\n\n<p>Ich muss auf dem Weg den Bach ein paar mal queren, denn der Weg f\u00fchrt mal links und mal rechts entlang und die Felsen kommen schon sehr nahe. Daf\u00fcr ist das Gras satt gr\u00fcn. Hier gibt es wohl ausreichend Wasser.<\/p>\n\n\n\n<figure class=\"wp-block-image size-large\"><img loading=\"lazy\" decoding=\"async\" width=\"768\" height=\"1024\" src=\"https:\/\/www.kalbus.de\/wp-content\/uploads\/2025\/07\/DSCF5352-768x1024.jpg\" alt=\"\" class=\"wp-image-2416\" srcset=\"https:\/\/www.kalbus.de\/wp-content\/uploads\/2025\/07\/DSCF5352-768x1024.jpg 768w, https:\/\/www.kalbus.de\/wp-content\/uploads\/2025\/07\/DSCF5352-225x300.jpg 225w, https:\/\/www.kalbus.de\/wp-content\/uploads\/2025\/07\/DSCF5352-1152x1536.jpg 1152w, https:\/\/www.kalbus.de\/wp-content\/uploads\/2025\/07\/DSCF5352.jpg 1440w\" sizes=\"auto, (max-width: 768px) 100vw, 768px\" \/><\/figure>\n\n\n\n<figure class=\"wp-block-image size-large\"><img loading=\"lazy\" decoding=\"async\" width=\"1024\" height=\"768\" src=\"https:\/\/www.kalbus.de\/wp-content\/uploads\/2025\/07\/DSCF5349-1024x768.jpg\" alt=\"\" class=\"wp-image-2417\" srcset=\"https:\/\/www.kalbus.de\/wp-content\/uploads\/2025\/07\/DSCF5349-1024x768.jpg 1024w, https:\/\/www.kalbus.de\/wp-content\/uploads\/2025\/07\/DSCF5349-300x225.jpg 300w, https:\/\/www.kalbus.de\/wp-content\/uploads\/2025\/07\/DSCF5349-768x576.jpg 768w, https:\/\/www.kalbus.de\/wp-content\/uploads\/2025\/07\/DSCF5349-1536x1152.jpg 1536w, https:\/\/www.kalbus.de\/wp-content\/uploads\/2025\/07\/DSCF5349.jpg 1920w\" sizes=\"auto, (max-width: 1024px) 100vw, 1024px\" \/><\/figure>\n\n\n\n<p>Es ist eine wundersch\u00f6ne, wilde Gegend und irgendwann komme ich dort hin, wo aus der Schlucht eine Klamm wird und es nur noch zwischen Felsen und Wasser entlang geht. <\/p>\n\n\n\n<figure class=\"wp-block-image size-large\"><img loading=\"lazy\" decoding=\"async\" width=\"768\" height=\"1024\" src=\"https:\/\/www.kalbus.de\/wp-content\/uploads\/2025\/07\/DSCF5359-768x1024.jpg\" alt=\"\" class=\"wp-image-2418\" srcset=\"https:\/\/www.kalbus.de\/wp-content\/uploads\/2025\/07\/DSCF5359-768x1024.jpg 768w, https:\/\/www.kalbus.de\/wp-content\/uploads\/2025\/07\/DSCF5359-225x300.jpg 225w, https:\/\/www.kalbus.de\/wp-content\/uploads\/2025\/07\/DSCF5359-1152x1536.jpg 1152w, https:\/\/www.kalbus.de\/wp-content\/uploads\/2025\/07\/DSCF5359.jpg 1440w\" sizes=\"auto, (max-width: 768px) 100vw, 768px\" \/><\/figure>\n\n\n\n<p>Weiter gehe ich nicht, denn allm\u00e4hlich wird es Zeit umzukehren und zur\u00fcck zum Bus zu gehen. <\/p>\n\n\n\n<figure class=\"wp-block-image size-large\"><img loading=\"lazy\" decoding=\"async\" width=\"1024\" height=\"768\" src=\"https:\/\/www.kalbus.de\/wp-content\/uploads\/2025\/07\/DSCF5360-1024x768.jpg\" alt=\"\" class=\"wp-image-2419\" srcset=\"https:\/\/www.kalbus.de\/wp-content\/uploads\/2025\/07\/DSCF5360-1024x768.jpg 1024w, https:\/\/www.kalbus.de\/wp-content\/uploads\/2025\/07\/DSCF5360-300x225.jpg 300w, https:\/\/www.kalbus.de\/wp-content\/uploads\/2025\/07\/DSCF5360-768x576.jpg 768w, https:\/\/www.kalbus.de\/wp-content\/uploads\/2025\/07\/DSCF5360-1536x1152.jpg 1536w, https:\/\/www.kalbus.de\/wp-content\/uploads\/2025\/07\/DSCF5360.jpg 1920w\" sizes=\"auto, (max-width: 1024px) 100vw, 1024px\" \/><\/figure>\n\n\n\n<p>Und dann sehe ich einige Pfeiffhasen, die am Weg hin und her flitzen. Sie sind zwar Scheu, aber trotzdem komme ich nah genug heran f\u00fcr ein h\u00fcbsches Bild.<\/p>\n\n\n\n<figure class=\"wp-block-image size-large\"><img loading=\"lazy\" decoding=\"async\" width=\"1024\" height=\"768\" src=\"https:\/\/www.kalbus.de\/wp-content\/uploads\/2025\/07\/DSCF5365-1024x768.jpg\" alt=\"\" class=\"wp-image-2420\" srcset=\"https:\/\/www.kalbus.de\/wp-content\/uploads\/2025\/07\/DSCF5365-1024x768.jpg 1024w, https:\/\/www.kalbus.de\/wp-content\/uploads\/2025\/07\/DSCF5365-300x225.jpg 300w, https:\/\/www.kalbus.de\/wp-content\/uploads\/2025\/07\/DSCF5365-768x576.jpg 768w, https:\/\/www.kalbus.de\/wp-content\/uploads\/2025\/07\/DSCF5365-1536x1152.jpg 1536w, https:\/\/www.kalbus.de\/wp-content\/uploads\/2025\/07\/DSCF5365.jpg 1920w\" sizes=\"auto, (max-width: 1024px) 100vw, 1024px\" \/><\/figure>\n\n\n\n<p>weiter immer weiter, bergan zur\u00fcck und immer wieder mal links und mal rechts am Bach entlang.<\/p>\n\n\n\n<figure class=\"wp-block-image size-large\"><img loading=\"lazy\" decoding=\"async\" width=\"1024\" height=\"768\" src=\"https:\/\/www.kalbus.de\/wp-content\/uploads\/2025\/07\/DSCF5366-1024x768.jpg\" alt=\"\" class=\"wp-image-2421\" srcset=\"https:\/\/www.kalbus.de\/wp-content\/uploads\/2025\/07\/DSCF5366-1024x768.jpg 1024w, https:\/\/www.kalbus.de\/wp-content\/uploads\/2025\/07\/DSCF5366-300x225.jpg 300w, https:\/\/www.kalbus.de\/wp-content\/uploads\/2025\/07\/DSCF5366-768x576.jpg 768w, https:\/\/www.kalbus.de\/wp-content\/uploads\/2025\/07\/DSCF5366-1536x1152.jpg 1536w, https:\/\/www.kalbus.de\/wp-content\/uploads\/2025\/07\/DSCF5366.jpg 1920w\" sizes=\"auto, (max-width: 1024px) 100vw, 1024px\" \/><\/figure>\n\n\n\n<p>Der Himmel zieht zu und wir sind nicht mehr weit vom Startpunkt entfernt als Regen, Hagel und Gewitter los gehen. In der Schlucht, zwischen den Bergen ist des extrem beeindruckend und wir sputen uns, dass wir zur\u00fcck kommen. <\/p>\n\n\n\n<p>Durchn\u00e4sst, ein wenig au\u00dfer Puste, aber ansonsten heil kommen wir am Bus an. Jetzt noch zur\u00fcck an den Eingang vom Nationalpark fahren, denn im Park darf man nicht \u00fcbernachten. Kaum sind wir raus stellen wir uns in der N\u00e4he des Museums und der Kassen hin und bauen auf. Offensichtlich passt das einem der Angestellten nicht und es geht eine Diskussion los, dass wir doch in ein offizielles Camp fahren sollen. <\/p>\n\n\n\n<p>Wir beschlie\u00dfen, dass wir das nicht machen, stehen bleiben und am n\u00e4chsten Morgen, bis irgendwas ist, sind wir sowieso wieder weg. Au\u00dferdem m\u00fcssen wir ja noch was zum Abendessen machen und Aufbauen und werden prompt vom n\u00e4chsten Regenschauer erwischt. <\/p>\n\n\n\n<p>Warmer Mongolischer Eintopf&#8230;<\/p>\n","protected":false},"excerpt":{"rendered":"<p>aber bis wir am Nachmittag dort ankommen haben wir noch ein paar Kilometer vor uns. Nach dem Fr\u00fchst\u00fcck wieder das morgendliche Ritual &#8211; Absp\u00fclen, Aufr\u00e4umen, Einpacken, Abbauen, Aufsitzen und los gehts. Der Regen und die Sonne haben ihre Spuren in der kargen Steppe hinterlassen und wir finden einen Weg mit dem Rotel zur D\u00fcne, damit &hellip; <a href=\"https:\/\/www.kalbus.de\/?p=2392\" class=\"more-link\"><span class=\"screen-reader-text\">zur Geierschlucht<\/span> weiterlesen<\/a><\/p>\n","protected":false},"author":2,"featured_media":0,"comment_status":"closed","ping_status":"closed","sticky":false,"template":"","format":"standard","meta":{"_jetpack_memberships_contains_paid_content":false,"footnotes":"","jetpack_publicize_message":"","jetpack_publicize_feature_enabled":true,"jetpack_social_post_already_shared":true,"jetpack_social_options":{"image_generator_settings":{"template":"highway","default_image_id":0,"font":"","enabled":false},"version":2}},"categories":[81,57],"tags":[],"class_list":["post-2392","post","type-post","status-publish","format-standard","hentry","category-mongolei-2025","category-reisen"],"jetpack_publicize_connections":[],"jetpack_featured_media_url":"","jetpack_shortlink":"https:\/\/wp.me\/p2LFC5-CA","jetpack_sharing_enabled":true,"_links":{"self":[{"href":"https:\/\/www.kalbus.de\/index.php?rest_route=\/wp\/v2\/posts\/2392","targetHints":{"allow":["GET"]}}],"collection":[{"href":"https:\/\/www.kalbus.de\/index.php?rest_route=\/wp\/v2\/posts"}],"about":[{"href":"https:\/\/www.kalbus.de\/index.php?rest_route=\/wp\/v2\/types\/post"}],"author":[{"embeddable":true,"href":"https:\/\/www.kalbus.de\/index.php?rest_route=\/wp\/v2\/users\/2"}],"replies":[{"embeddable":true,"href":"https:\/\/www.kalbus.de\/index.php?rest_route=%2Fwp%2Fv2%2Fcomments&post=2392"}],"version-history":[{"count":2,"href":"https:\/\/www.kalbus.de\/index.php?rest_route=\/wp\/v2\/posts\/2392\/revisions"}],"predecessor-version":[{"id":2422,"href":"https:\/\/www.kalbus.de\/index.php?rest_route=\/wp\/v2\/posts\/2392\/revisions\/2422"}],"wp:attachment":[{"href":"https:\/\/www.kalbus.de\/index.php?rest_route=%2Fwp%2Fv2%2Fmedia&parent=2392"}],"wp:term":[{"taxonomy":"category","embeddable":true,"href":"https:\/\/www.kalbus.de\/index.php?rest_route=%2Fwp%2Fv2%2Fcategories&post=2392"},{"taxonomy":"post_tag","embeddable":true,"href":"https:\/\/www.kalbus.de\/index.php?rest_route=%2Fwp%2Fv2%2Ftags&post=2392"}],"curies":[{"name":"wp","href":"https:\/\/api.w.org\/{rel}","templated":true}]}}