{"id":2336,"date":"2025-07-04T18:35:00","date_gmt":"2025-07-04T16:35:00","guid":{"rendered":"https:\/\/www.kalbus.de\/?p=2336"},"modified":"2025-09-14T13:19:44","modified_gmt":"2025-09-14T11:19:44","slug":"von-serkhan-gobi-nach-bayanzag","status":"publish","type":"post","link":"https:\/\/www.kalbus.de\/?p=2336","title":{"rendered":"Von Serkhan Gobi nach Bayanzag"},"content":{"rendered":"\n<p>Heute fr\u00fch lassen wir uns Zeit und fr\u00fchst\u00fccken erst um 8 Uhr. Dabei k\u00f6nnen wir zuschauen, wie die anderen Gruppen ihr Gep\u00e4ck aus den Jurten mit Karren zu ihren Buchankas gebracht bekommen. Der Service im Camp ist toll. Unser Mongolischer Begleiter sieht beim Fr\u00fchst\u00fcck etwas m\u00fcde aus, denn er ist in der Nacht von der Jurte ins Rotel umgezogen. Durch den Regen in der Nacht sind viele K\u00e4fer in den Schutz der Jurten gefl\u00fcchtet und haben es etwas unangenehm gemacht. Im Rotel war davon nichts zu merken.<\/p>\n\n\n\n<figure class=\"wp-block-image size-large\"><img loading=\"lazy\" decoding=\"async\" width=\"1024\" height=\"768\" src=\"https:\/\/www.kalbus.de\/wp-content\/uploads\/2025\/09\/DSCF5114-1024x768.jpg\" alt=\"\" class=\"wp-image-2337\" srcset=\"https:\/\/www.kalbus.de\/wp-content\/uploads\/2025\/09\/DSCF5114-1024x768.jpg 1024w, https:\/\/www.kalbus.de\/wp-content\/uploads\/2025\/09\/DSCF5114-300x225.jpg 300w, https:\/\/www.kalbus.de\/wp-content\/uploads\/2025\/09\/DSCF5114-768x576.jpg 768w, https:\/\/www.kalbus.de\/wp-content\/uploads\/2025\/09\/DSCF5114-1536x1152.jpg 1536w, https:\/\/www.kalbus.de\/wp-content\/uploads\/2025\/09\/DSCF5114.jpg 1920w\" sizes=\"auto, (max-width: 1024px) 100vw, 1024px\" \/><\/figure>\n\n\n\n<p>Die Belegschaft vom Camp verabschiedet uns als wir aufbrechen. Auch eine sch\u00f6ne Geste und dann geht es los, weiter Richtung S\u00fcden. Allm\u00e4hlich n\u00e4hern wir uns der Gobi und W\u00fcste hei\u00dft nicht nur Sand, sondern einfach nur kein Regen&#8230; naja meistens jedenfalls.<\/p>\n\n\n\n<figure class=\"wp-block-image size-large\"><img loading=\"lazy\" decoding=\"async\" width=\"768\" height=\"1024\" src=\"https:\/\/www.kalbus.de\/wp-content\/uploads\/2025\/09\/DSCF5115-768x1024.jpg\" alt=\"\" class=\"wp-image-2338\" srcset=\"https:\/\/www.kalbus.de\/wp-content\/uploads\/2025\/09\/DSCF5115-768x1024.jpg 768w, https:\/\/www.kalbus.de\/wp-content\/uploads\/2025\/09\/DSCF5115-225x300.jpg 225w, https:\/\/www.kalbus.de\/wp-content\/uploads\/2025\/09\/DSCF5115-1152x1536.jpg 1152w, https:\/\/www.kalbus.de\/wp-content\/uploads\/2025\/09\/DSCF5115.jpg 1440w\" sizes=\"auto, (max-width: 768px) 100vw, 768px\" \/><\/figure>\n\n\n\n<p>Vor uns ist das Begleitfahrzeug und wir fahren eine zeitlang so weiter \u00fcber die Piste durch die Gegend bis wir dann f\u00fcr eine Wanderung anhalten. Tsch\u00fcss Rotel, bis bald.<\/p>\n\n\n\n<figure class=\"wp-block-image size-large\"><img loading=\"lazy\" decoding=\"async\" width=\"1024\" height=\"768\" src=\"https:\/\/www.kalbus.de\/wp-content\/uploads\/2025\/09\/DSCF5118-1024x768.jpg\" alt=\"\" class=\"wp-image-2339\" srcset=\"https:\/\/www.kalbus.de\/wp-content\/uploads\/2025\/09\/DSCF5118-1024x768.jpg 1024w, https:\/\/www.kalbus.de\/wp-content\/uploads\/2025\/09\/DSCF5118-300x225.jpg 300w, https:\/\/www.kalbus.de\/wp-content\/uploads\/2025\/09\/DSCF5118-768x576.jpg 768w, https:\/\/www.kalbus.de\/wp-content\/uploads\/2025\/09\/DSCF5118-1536x1152.jpg 1536w, https:\/\/www.kalbus.de\/wp-content\/uploads\/2025\/09\/DSCF5118.jpg 1920w\" sizes=\"auto, (max-width: 1024px) 100vw, 1024px\" \/><\/figure>\n\n\n\n<p>Es wird uns einholen und \u00fcberholen, denn wir werden nicht weit gehen. Ungef\u00e4hr eine Stunde, damit auch die fu\u00dflahmen, wie ich, mit k\u00f6nnen. Und die Flora und Fauna ist schon spannend. Heuschrecken, die weder fliegen noch springen, sondern nur laufen k\u00f6nnen.<\/p>\n\n\n\n<figure class=\"wp-block-image size-large\"><img loading=\"lazy\" decoding=\"async\" width=\"1024\" height=\"768\" src=\"https:\/\/www.kalbus.de\/wp-content\/uploads\/2025\/09\/DSCF5122-1024x768.jpg\" alt=\"\" class=\"wp-image-2340\" srcset=\"https:\/\/www.kalbus.de\/wp-content\/uploads\/2025\/09\/DSCF5122-1024x768.jpg 1024w, https:\/\/www.kalbus.de\/wp-content\/uploads\/2025\/09\/DSCF5122-300x225.jpg 300w, https:\/\/www.kalbus.de\/wp-content\/uploads\/2025\/09\/DSCF5122-768x576.jpg 768w, https:\/\/www.kalbus.de\/wp-content\/uploads\/2025\/09\/DSCF5122-1536x1152.jpg 1536w, https:\/\/www.kalbus.de\/wp-content\/uploads\/2025\/09\/DSCF5122.jpg 1920w\" sizes=\"auto, (max-width: 1024px) 100vw, 1024px\" \/><\/figure>\n\n\n\n<p>Karge Natur, Pflanzen die wir sonst nur aus dem Steingarten kennen und Ulmenb\u00e4ume. Und die Piste ist auch spannend&#8230;<\/p>\n\n\n\n<figure class=\"wp-block-image size-large\"><img loading=\"lazy\" decoding=\"async\" width=\"768\" height=\"1024\" src=\"https:\/\/www.kalbus.de\/wp-content\/uploads\/2025\/09\/DSCF5125-768x1024.jpg\" alt=\"\" class=\"wp-image-2341\" srcset=\"https:\/\/www.kalbus.de\/wp-content\/uploads\/2025\/09\/DSCF5125-768x1024.jpg 768w, https:\/\/www.kalbus.de\/wp-content\/uploads\/2025\/09\/DSCF5125-225x300.jpg 225w, https:\/\/www.kalbus.de\/wp-content\/uploads\/2025\/09\/DSCF5125-1152x1536.jpg 1152w, https:\/\/www.kalbus.de\/wp-content\/uploads\/2025\/09\/DSCF5125.jpg 1440w\" sizes=\"auto, (max-width: 768px) 100vw, 768px\" \/><\/figure>\n\n\n\n<p>&#8220;Such dir aus, wo du fahren m\u00f6chtest&#8221;<\/p>\n\n\n\n<figure class=\"wp-block-image size-large\"><img loading=\"lazy\" decoding=\"async\" width=\"1024\" height=\"768\" src=\"https:\/\/www.kalbus.de\/wp-content\/uploads\/2025\/09\/DSCF5128-1024x768.jpg\" alt=\"\" class=\"wp-image-2342\" srcset=\"https:\/\/www.kalbus.de\/wp-content\/uploads\/2025\/09\/DSCF5128-1024x768.jpg 1024w, https:\/\/www.kalbus.de\/wp-content\/uploads\/2025\/09\/DSCF5128-300x225.jpg 300w, https:\/\/www.kalbus.de\/wp-content\/uploads\/2025\/09\/DSCF5128-768x576.jpg 768w, https:\/\/www.kalbus.de\/wp-content\/uploads\/2025\/09\/DSCF5128-1536x1152.jpg 1536w, https:\/\/www.kalbus.de\/wp-content\/uploads\/2025\/09\/DSCF5128.jpg 1920w\" sizes=\"auto, (max-width: 1024px) 100vw, 1024px\" \/><\/figure>\n\n\n\n<figure class=\"wp-block-image size-large\"><img loading=\"lazy\" decoding=\"async\" width=\"1024\" height=\"768\" src=\"https:\/\/www.kalbus.de\/wp-content\/uploads\/2025\/09\/DSCF5137-1024x768.jpg\" alt=\"\" class=\"wp-image-2343\" srcset=\"https:\/\/www.kalbus.de\/wp-content\/uploads\/2025\/09\/DSCF5137-1024x768.jpg 1024w, https:\/\/www.kalbus.de\/wp-content\/uploads\/2025\/09\/DSCF5137-300x225.jpg 300w, https:\/\/www.kalbus.de\/wp-content\/uploads\/2025\/09\/DSCF5137-768x576.jpg 768w, https:\/\/www.kalbus.de\/wp-content\/uploads\/2025\/09\/DSCF5137-1536x1152.jpg 1536w, https:\/\/www.kalbus.de\/wp-content\/uploads\/2025\/09\/DSCF5137.jpg 1920w\" sizes=\"auto, (max-width: 1024px) 100vw, 1024px\" \/><\/figure>\n\n\n\n<p>Wir n\u00e4hern uns dem Ende der Wanderung und je weiter runter wir kommen, je enger das Tal wird, um so mehr Wasser scheint im Untergrund zu sein, denn die B\u00e4ume werden gr\u00f6\u00dfer.<\/p>\n\n\n\n<figure class=\"wp-block-image size-large\"><img loading=\"lazy\" decoding=\"async\" width=\"1024\" height=\"768\" src=\"https:\/\/www.kalbus.de\/wp-content\/uploads\/2025\/09\/DSCF5142-1024x768.jpg\" alt=\"\" class=\"wp-image-2344\" srcset=\"https:\/\/www.kalbus.de\/wp-content\/uploads\/2025\/09\/DSCF5142-1024x768.jpg 1024w, https:\/\/www.kalbus.de\/wp-content\/uploads\/2025\/09\/DSCF5142-300x225.jpg 300w, https:\/\/www.kalbus.de\/wp-content\/uploads\/2025\/09\/DSCF5142-768x576.jpg 768w, https:\/\/www.kalbus.de\/wp-content\/uploads\/2025\/09\/DSCF5142-1536x1152.jpg 1536w, https:\/\/www.kalbus.de\/wp-content\/uploads\/2025\/09\/DSCF5142.jpg 1920w\" sizes=\"auto, (max-width: 1024px) 100vw, 1024px\" \/><\/figure>\n\n\n\n<p>Das Rotel wartet schon auf uns, am Eingang zum Ongiin Khiid. Einer Klosteranlage die fr\u00fcher eine der bedeutendsten in der Mongolei war, jetzt aber nur noch aus Ruinen besteht. <\/p>\n\n\n\n<figure class=\"wp-block-image size-large\"><img loading=\"lazy\" decoding=\"async\" width=\"1024\" height=\"768\" src=\"https:\/\/www.kalbus.de\/wp-content\/uploads\/2025\/09\/DSCF5146-1024x768.jpg\" alt=\"\" class=\"wp-image-2345\" srcset=\"https:\/\/www.kalbus.de\/wp-content\/uploads\/2025\/09\/DSCF5146-1024x768.jpg 1024w, https:\/\/www.kalbus.de\/wp-content\/uploads\/2025\/09\/DSCF5146-300x225.jpg 300w, https:\/\/www.kalbus.de\/wp-content\/uploads\/2025\/09\/DSCF5146-768x576.jpg 768w, https:\/\/www.kalbus.de\/wp-content\/uploads\/2025\/09\/DSCF5146-1536x1152.jpg 1536w, https:\/\/www.kalbus.de\/wp-content\/uploads\/2025\/09\/DSCF5146.jpg 1920w\" sizes=\"auto, (max-width: 1024px) 100vw, 1024px\" \/><\/figure>\n\n\n\n<p>Vor einigen Jahren wurde begonnen, das Kloster wieder aufzubauen und die Anf\u00e4nge sind sehr bescheiden. Unser Reiseleiter kennt den Lama und jedes mal wenn wir vorbei kommen hat er etwas f\u00fcr ihn dabei und f\u00fcr die n\u00e4chste Tour ist schon ein gr\u00f6\u00dferer Holzbalken bestellt worden. <\/p>\n\n\n\n<figure class=\"wp-block-image size-large\"><img loading=\"lazy\" decoding=\"async\" width=\"1024\" height=\"768\" src=\"https:\/\/www.kalbus.de\/wp-content\/uploads\/2025\/09\/DSCF5150-1024x768.jpg\" alt=\"\" class=\"wp-image-2347\" srcset=\"https:\/\/www.kalbus.de\/wp-content\/uploads\/2025\/09\/DSCF5150-1024x768.jpg 1024w, https:\/\/www.kalbus.de\/wp-content\/uploads\/2025\/09\/DSCF5150-300x225.jpg 300w, https:\/\/www.kalbus.de\/wp-content\/uploads\/2025\/09\/DSCF5150-768x576.jpg 768w, https:\/\/www.kalbus.de\/wp-content\/uploads\/2025\/09\/DSCF5150-1536x1152.jpg 1536w, https:\/\/www.kalbus.de\/wp-content\/uploads\/2025\/09\/DSCF5150.jpg 1920w\" sizes=\"auto, (max-width: 1024px) 100vw, 1024px\" \/><\/figure>\n\n\n\n<p>Wir gehen an dem Tor vorbei und kommen auf eine kleine Anh\u00f6he, von der aus man das Kloster, oder vielmehr das was davon \u00fcbrig ist erahnen kann. Fr\u00fcher bedeutend und in der Kulturrevolution gnadenlos geschliffen war kaum noch etwas \u00fcbrig.<\/p>\n\n\n\n<figure class=\"wp-block-image size-large\"><img loading=\"lazy\" decoding=\"async\" width=\"1024\" height=\"378\" src=\"https:\/\/www.kalbus.de\/wp-content\/uploads\/2025\/09\/DSCF5153-1024x378.jpg\" alt=\"\" class=\"wp-image-2348\" srcset=\"https:\/\/www.kalbus.de\/wp-content\/uploads\/2025\/09\/DSCF5153-1024x378.jpg 1024w, https:\/\/www.kalbus.de\/wp-content\/uploads\/2025\/09\/DSCF5153-300x111.jpg 300w, https:\/\/www.kalbus.de\/wp-content\/uploads\/2025\/09\/DSCF5153-768x284.jpg 768w, https:\/\/www.kalbus.de\/wp-content\/uploads\/2025\/09\/DSCF5153-1536x567.jpg 1536w, https:\/\/www.kalbus.de\/wp-content\/uploads\/2025\/09\/DSCF5153.jpg 1920w\" sizes=\"auto, (max-width: 1024px) 100vw, 1024px\" \/><\/figure>\n\n\n\n<figure class=\"wp-block-image size-large\"><img loading=\"lazy\" decoding=\"async\" width=\"1024\" height=\"768\" src=\"https:\/\/www.kalbus.de\/wp-content\/uploads\/2025\/09\/DSCF5157-1024x768.jpg\" alt=\"\" class=\"wp-image-2349\" srcset=\"https:\/\/www.kalbus.de\/wp-content\/uploads\/2025\/09\/DSCF5157-1024x768.jpg 1024w, https:\/\/www.kalbus.de\/wp-content\/uploads\/2025\/09\/DSCF5157-300x225.jpg 300w, https:\/\/www.kalbus.de\/wp-content\/uploads\/2025\/09\/DSCF5157-768x576.jpg 768w, https:\/\/www.kalbus.de\/wp-content\/uploads\/2025\/09\/DSCF5157-1536x1152.jpg 1536w, https:\/\/www.kalbus.de\/wp-content\/uploads\/2025\/09\/DSCF5157.jpg 1920w\" sizes=\"auto, (max-width: 1024px) 100vw, 1024px\" \/><\/figure>\n\n\n\n<p>Dank den Bem\u00fchungen und Anstrengungen ist mittlerweile eine Bethalle und ein paar andere Geb\u00e4ude entstanden. <\/p>\n\n\n\n<figure class=\"wp-block-image size-large\"><img loading=\"lazy\" decoding=\"async\" width=\"768\" height=\"1024\" src=\"https:\/\/www.kalbus.de\/wp-content\/uploads\/2025\/09\/DSCF5158-768x1024.jpg\" alt=\"\" class=\"wp-image-2350\" srcset=\"https:\/\/www.kalbus.de\/wp-content\/uploads\/2025\/09\/DSCF5158-768x1024.jpg 768w, https:\/\/www.kalbus.de\/wp-content\/uploads\/2025\/09\/DSCF5158-225x300.jpg 225w, https:\/\/www.kalbus.de\/wp-content\/uploads\/2025\/09\/DSCF5158-1152x1536.jpg 1152w, https:\/\/www.kalbus.de\/wp-content\/uploads\/2025\/09\/DSCF5158.jpg 1440w\" sizes=\"auto, (max-width: 768px) 100vw, 768px\" \/><\/figure>\n\n\n\n<p>Drinnen sind Vorbereitungen im vollen Gange, denn in den n\u00e4chsten Tagen wir hoher Besuch erwartet, da muss alles h\u00fcbsch sein.<\/p>\n\n\n\n<figure class=\"wp-block-image size-large\"><img loading=\"lazy\" decoding=\"async\" width=\"1024\" height=\"768\" src=\"https:\/\/www.kalbus.de\/wp-content\/uploads\/2025\/09\/DSCF5165-1024x768.jpg\" alt=\"\" class=\"wp-image-2351\" srcset=\"https:\/\/www.kalbus.de\/wp-content\/uploads\/2025\/09\/DSCF5165-1024x768.jpg 1024w, https:\/\/www.kalbus.de\/wp-content\/uploads\/2025\/09\/DSCF5165-300x225.jpg 300w, https:\/\/www.kalbus.de\/wp-content\/uploads\/2025\/09\/DSCF5165-768x576.jpg 768w, https:\/\/www.kalbus.de\/wp-content\/uploads\/2025\/09\/DSCF5165-1536x1152.jpg 1536w, https:\/\/www.kalbus.de\/wp-content\/uploads\/2025\/09\/DSCF5165.jpg 1920w\" sizes=\"auto, (max-width: 1024px) 100vw, 1024px\" \/><\/figure>\n\n\n\n<p>Wir bekommen alle einen Segen f\u00fcr unsere weitere Reise und bedanken uns auf die \u00fcbliche Weise mit einer Spende f\u00fcr das Kloster. G\u00e4ngige und \u00fcbliche Praxis und wie ich finde v\u00f6llig in Ordnung. Nat\u00fcrlich wurden von allen flei\u00dfig Bilder gemacht, nur beim Segen habe ich darum gebeten, KEINE Fotos zu machen.<\/p>\n\n\n\n<figure class=\"wp-block-image size-large\"><img loading=\"lazy\" decoding=\"async\" width=\"768\" height=\"1024\" src=\"https:\/\/www.kalbus.de\/wp-content\/uploads\/2025\/09\/DSCF5167-768x1024.jpg\" alt=\"\" class=\"wp-image-2352\" srcset=\"https:\/\/www.kalbus.de\/wp-content\/uploads\/2025\/09\/DSCF5167-768x1024.jpg 768w, https:\/\/www.kalbus.de\/wp-content\/uploads\/2025\/09\/DSCF5167-225x300.jpg 225w, https:\/\/www.kalbus.de\/wp-content\/uploads\/2025\/09\/DSCF5167-1152x1536.jpg 1152w, https:\/\/www.kalbus.de\/wp-content\/uploads\/2025\/09\/DSCF5167.jpg 1440w\" sizes=\"auto, (max-width: 768px) 100vw, 768px\" \/><\/figure>\n\n\n\n<p>Hier sind die Sutras aufbewahrt, die zum Beten rezitiert werden. Lose Blattsammlungen. So farbenfroh und ganz anders wie unsere Kirchen. <\/p>\n\n\n\n<figure class=\"wp-block-image size-large\"><img loading=\"lazy\" decoding=\"async\" width=\"768\" height=\"1024\" src=\"https:\/\/www.kalbus.de\/wp-content\/uploads\/2025\/09\/DSCF5166-768x1024.jpg\" alt=\"\" class=\"wp-image-2353\" srcset=\"https:\/\/www.kalbus.de\/wp-content\/uploads\/2025\/09\/DSCF5166-768x1024.jpg 768w, https:\/\/www.kalbus.de\/wp-content\/uploads\/2025\/09\/DSCF5166-225x300.jpg 225w, https:\/\/www.kalbus.de\/wp-content\/uploads\/2025\/09\/DSCF5166-1152x1536.jpg 1152w, https:\/\/www.kalbus.de\/wp-content\/uploads\/2025\/09\/DSCF5166.jpg 1440w\" sizes=\"auto, (max-width: 768px) 100vw, 768px\" \/><\/figure>\n\n\n\n<p>Nach dem Segen geht es wieder raus aus der Halle und wir schauen uns noch ein wenig um. Schade dass so vieles zerst\u00f6rt wurde, aber so war es eben. In einem Museum passt ein kleines M\u00e4dchen darauf auf, dass wir keinen Unfug treiben &#8211; ihre Mutter nat\u00fcrlich auch.<\/p>\n\n\n\n<figure class=\"wp-block-image size-large\"><img loading=\"lazy\" decoding=\"async\" width=\"1024\" height=\"768\" src=\"https:\/\/www.kalbus.de\/wp-content\/uploads\/2025\/09\/DSCF5172-1024x768.jpg\" alt=\"\" class=\"wp-image-2354\" srcset=\"https:\/\/www.kalbus.de\/wp-content\/uploads\/2025\/09\/DSCF5172-1024x768.jpg 1024w, https:\/\/www.kalbus.de\/wp-content\/uploads\/2025\/09\/DSCF5172-300x225.jpg 300w, https:\/\/www.kalbus.de\/wp-content\/uploads\/2025\/09\/DSCF5172-768x576.jpg 768w, https:\/\/www.kalbus.de\/wp-content\/uploads\/2025\/09\/DSCF5172-1536x1152.jpg 1536w, https:\/\/www.kalbus.de\/wp-content\/uploads\/2025\/09\/DSCF5172.jpg 1920w\" sizes=\"auto, (max-width: 1024px) 100vw, 1024px\" \/><\/figure>\n\n\n\n<p>Wir kommen zur\u00fcck zum Rotel, denn wir wollen allm\u00e4hlich weiter fahren. Die gro\u00dfen Ulmen finde ich sehr beeindruckend. Vor allem ihre stark zerkl\u00fcftete Rinde.<\/p>\n\n\n\n<figure class=\"wp-block-image size-large\"><img loading=\"lazy\" decoding=\"async\" width=\"1024\" height=\"378\" src=\"https:\/\/www.kalbus.de\/wp-content\/uploads\/2025\/09\/DSCF5176-1024x378.jpg\" alt=\"\" class=\"wp-image-2355\" srcset=\"https:\/\/www.kalbus.de\/wp-content\/uploads\/2025\/09\/DSCF5176-1024x378.jpg 1024w, https:\/\/www.kalbus.de\/wp-content\/uploads\/2025\/09\/DSCF5176-300x111.jpg 300w, https:\/\/www.kalbus.de\/wp-content\/uploads\/2025\/09\/DSCF5176-768x284.jpg 768w, https:\/\/www.kalbus.de\/wp-content\/uploads\/2025\/09\/DSCF5176-1536x567.jpg 1536w, https:\/\/www.kalbus.de\/wp-content\/uploads\/2025\/09\/DSCF5176.jpg 1920w\" sizes=\"auto, (max-width: 1024px) 100vw, 1024px\" \/><\/figure>\n\n\n\n<figure class=\"wp-block-image size-large\"><img loading=\"lazy\" decoding=\"async\" width=\"768\" height=\"1024\" src=\"https:\/\/www.kalbus.de\/wp-content\/uploads\/2025\/09\/DSCF5149-768x1024.jpg\" alt=\"\" class=\"wp-image-2356\" srcset=\"https:\/\/www.kalbus.de\/wp-content\/uploads\/2025\/09\/DSCF5149-768x1024.jpg 768w, https:\/\/www.kalbus.de\/wp-content\/uploads\/2025\/09\/DSCF5149-225x300.jpg 225w, https:\/\/www.kalbus.de\/wp-content\/uploads\/2025\/09\/DSCF5149-1152x1536.jpg 1152w, https:\/\/www.kalbus.de\/wp-content\/uploads\/2025\/09\/DSCF5149.jpg 1440w\" sizes=\"auto, (max-width: 768px) 100vw, 768px\" \/><\/figure>\n\n\n\n<figure class=\"wp-block-image size-large\"><img loading=\"lazy\" decoding=\"async\" width=\"1024\" height=\"768\" src=\"https:\/\/www.kalbus.de\/wp-content\/uploads\/2025\/09\/DSCF5148-1024x768.jpg\" alt=\"\" class=\"wp-image-2357\" srcset=\"https:\/\/www.kalbus.de\/wp-content\/uploads\/2025\/09\/DSCF5148-1024x768.jpg 1024w, https:\/\/www.kalbus.de\/wp-content\/uploads\/2025\/09\/DSCF5148-300x225.jpg 300w, https:\/\/www.kalbus.de\/wp-content\/uploads\/2025\/09\/DSCF5148-768x576.jpg 768w, https:\/\/www.kalbus.de\/wp-content\/uploads\/2025\/09\/DSCF5148-1536x1152.jpg 1536w, https:\/\/www.kalbus.de\/wp-content\/uploads\/2025\/09\/DSCF5148.jpg 1920w\" sizes=\"auto, (max-width: 1024px) 100vw, 1024px\" \/><\/figure>\n\n\n\n<p>Und dann geht es weiter. Jetzt wird es richtig flach, richtig staubig. Und irgendwann \u00fcberholt uns ein Fahrzeug und bittet uns anzuhalten. Nach einiger Diskussion stellt sich heraus, dass das Bewohner von dem Ort beim Kloster waren und bei der Abfahrt ist das Rotel irgendwie an einer tief h\u00e4ngenden Stromleitung h\u00e4ngen geblieben und daf\u00fcr gesorgt, dass der Ort jetzt erst mal ohne Strom ist&#8230; <\/p>\n\n\n\n<p>Machen k\u00f6nnen wir nix, aber irgendjemand muss f\u00fcr die Kosten der Reparatur aufkommen&#8230;<\/p>\n\n\n\n<figure class=\"wp-block-image size-large\"><img loading=\"lazy\" decoding=\"async\" width=\"1024\" height=\"768\" src=\"https:\/\/www.kalbus.de\/wp-content\/uploads\/2025\/09\/DSCF5181-1024x768.jpg\" alt=\"\" class=\"wp-image-2358\" srcset=\"https:\/\/www.kalbus.de\/wp-content\/uploads\/2025\/09\/DSCF5181-1024x768.jpg 1024w, https:\/\/www.kalbus.de\/wp-content\/uploads\/2025\/09\/DSCF5181-300x225.jpg 300w, https:\/\/www.kalbus.de\/wp-content\/uploads\/2025\/09\/DSCF5181-768x576.jpg 768w, https:\/\/www.kalbus.de\/wp-content\/uploads\/2025\/09\/DSCF5181-1536x1152.jpg 1536w, https:\/\/www.kalbus.de\/wp-content\/uploads\/2025\/09\/DSCF5181.jpg 1920w\" sizes=\"auto, (max-width: 1024px) 100vw, 1024px\" \/><\/figure>\n\n\n\n<p>Nur Himmel, Wolken und die flache Steppe. Es ist schon eine besondere Landschaft und sehr beeindruckend. <\/p>\n\n\n\n<figure class=\"wp-block-image size-large\"><img loading=\"lazy\" decoding=\"async\" width=\"1024\" height=\"768\" src=\"https:\/\/www.kalbus.de\/wp-content\/uploads\/2025\/09\/DSCF5188-1024x768.jpg\" alt=\"\" class=\"wp-image-2359\" srcset=\"https:\/\/www.kalbus.de\/wp-content\/uploads\/2025\/09\/DSCF5188-1024x768.jpg 1024w, https:\/\/www.kalbus.de\/wp-content\/uploads\/2025\/09\/DSCF5188-300x225.jpg 300w, https:\/\/www.kalbus.de\/wp-content\/uploads\/2025\/09\/DSCF5188-768x576.jpg 768w, https:\/\/www.kalbus.de\/wp-content\/uploads\/2025\/09\/DSCF5188-1536x1152.jpg 1536w, https:\/\/www.kalbus.de\/wp-content\/uploads\/2025\/09\/DSCF5188.jpg 1920w\" sizes=\"auto, (max-width: 1024px) 100vw, 1024px\" \/><\/figure>\n\n\n\n<figure class=\"wp-block-image size-large\"><img loading=\"lazy\" decoding=\"async\" width=\"1024\" height=\"768\" src=\"https:\/\/www.kalbus.de\/wp-content\/uploads\/2025\/09\/DSCF5195-1024x768.jpg\" alt=\"\" class=\"wp-image-2362\" srcset=\"https:\/\/www.kalbus.de\/wp-content\/uploads\/2025\/09\/DSCF5195-1024x768.jpg 1024w, https:\/\/www.kalbus.de\/wp-content\/uploads\/2025\/09\/DSCF5195-300x225.jpg 300w, https:\/\/www.kalbus.de\/wp-content\/uploads\/2025\/09\/DSCF5195-768x576.jpg 768w, https:\/\/www.kalbus.de\/wp-content\/uploads\/2025\/09\/DSCF5195-1536x1152.jpg 1536w, https:\/\/www.kalbus.de\/wp-content\/uploads\/2025\/09\/DSCF5195.jpg 1920w\" sizes=\"auto, (max-width: 1024px) 100vw, 1024px\" \/><\/figure>\n\n\n\n<p>Kurzer Zwischenstop, um das obligatorische &#8220;Staubfahrt&#8221; Bild von Rotel zu machen. Alle Aussteigen und bitte auf an der Seite der Piste sammeln, wo der Wind her kommt, denn sonst w\u00fcrden wir nach der Vorbeifahrt ziemlich eingestaubt werden&#8230;<\/p>\n\n\n\n<figure class=\"wp-block-image size-large\"><img loading=\"lazy\" decoding=\"async\" width=\"1024\" height=\"768\" src=\"https:\/\/www.kalbus.de\/wp-content\/uploads\/2025\/09\/DSCF5190-1024x768.jpg\" alt=\"\" class=\"wp-image-2360\" srcset=\"https:\/\/www.kalbus.de\/wp-content\/uploads\/2025\/09\/DSCF5190-1024x768.jpg 1024w, https:\/\/www.kalbus.de\/wp-content\/uploads\/2025\/09\/DSCF5190-300x225.jpg 300w, https:\/\/www.kalbus.de\/wp-content\/uploads\/2025\/09\/DSCF5190-768x576.jpg 768w, https:\/\/www.kalbus.de\/wp-content\/uploads\/2025\/09\/DSCF5190-1536x1152.jpg 1536w, https:\/\/www.kalbus.de\/wp-content\/uploads\/2025\/09\/DSCF5190.jpg 1920w\" sizes=\"auto, (max-width: 1024px) 100vw, 1024px\" \/><\/figure>\n\n\n\n<p>Peter donnert an uns vorbei, h\u00e4lt an, wendet und kommt zur\u00fcck, um uns einzusammeln. Und wir haben alle ein paar sch\u00f6ne Aufnahmen mehr.<\/p>\n\n\n\n<figure class=\"wp-block-image size-large\"><img loading=\"lazy\" decoding=\"async\" width=\"1024\" height=\"768\" src=\"https:\/\/www.kalbus.de\/wp-content\/uploads\/2025\/09\/DSCF5194-1024x768.jpg\" alt=\"\" class=\"wp-image-2361\" srcset=\"https:\/\/www.kalbus.de\/wp-content\/uploads\/2025\/09\/DSCF5194-1024x768.jpg 1024w, https:\/\/www.kalbus.de\/wp-content\/uploads\/2025\/09\/DSCF5194-300x225.jpg 300w, https:\/\/www.kalbus.de\/wp-content\/uploads\/2025\/09\/DSCF5194-768x576.jpg 768w, https:\/\/www.kalbus.de\/wp-content\/uploads\/2025\/09\/DSCF5194-1536x1152.jpg 1536w, https:\/\/www.kalbus.de\/wp-content\/uploads\/2025\/09\/DSCF5194.jpg 1920w\" sizes=\"auto, (max-width: 1024px) 100vw, 1024px\" \/><\/figure>\n\n\n\n<p>Das Fahrzeug ist sehr beeindruckend, 500PS, Allrad, gr\u00f6\u00dfere Reifen mit geringerem Luftdruck damit wir \u00fcberall gut voran kommen. Und so kommt es, dass unser Begleitfahrzeug an einer schwierigen Passage im Sand stecken bleibt, wo wir ohne Probleme durch gefahren sind. <\/p>\n\n\n\n<p>Anhalten, zur\u00fcck, alle helfen mit Schaufeln, Sandblechen und Schieben das Fahrzeug wieder flott zu bekommen. Dann h\u00e4ngen wir es ans Rotel an und ziehen es durch die Passage. Beim Abendessen hat dann der Beifahrer erz\u00e4hlt, dass sich das so angef\u00fchlt hat, als ob man von einem wilden Biest durch die Gegend gezerrt wird und so bekam dann das Rotel seinen Spiznamen &#8211; &#8220;gro\u00dfes Biest&#8221;<\/p>\n\n\n\n<figure class=\"wp-block-image size-large\"><img loading=\"lazy\" decoding=\"async\" width=\"1024\" height=\"768\" src=\"https:\/\/www.kalbus.de\/wp-content\/uploads\/2025\/09\/IMG_3765-1024x768.jpeg\" alt=\"\" class=\"wp-image-2363\" srcset=\"https:\/\/www.kalbus.de\/wp-content\/uploads\/2025\/09\/IMG_3765-1024x768.jpeg 1024w, https:\/\/www.kalbus.de\/wp-content\/uploads\/2025\/09\/IMG_3765-300x225.jpeg 300w, https:\/\/www.kalbus.de\/wp-content\/uploads\/2025\/09\/IMG_3765-768x576.jpeg 768w, https:\/\/www.kalbus.de\/wp-content\/uploads\/2025\/09\/IMG_3765-1536x1152.jpeg 1536w, https:\/\/www.kalbus.de\/wp-content\/uploads\/2025\/09\/IMG_3765.jpeg 1920w\" sizes=\"auto, (max-width: 1024px) 100vw, 1024px\" \/><\/figure>\n\n\n\n<p>Die Gegend wird immer trockener und der Sand bekommt immer mehr einen rot orangen Farbton. Die Vegetation wird noch w\u00fcstenhafter und bald sind die Saxaul B\u00e4ume und ein paar kleine B\u00fcsche das einzige was noch w\u00e4chst.<\/p>\n\n\n\n<figure class=\"wp-block-image size-large\"><img loading=\"lazy\" decoding=\"async\" width=\"768\" height=\"1024\" src=\"https:\/\/www.kalbus.de\/wp-content\/uploads\/2025\/09\/DSCF5214-768x1024.jpg\" alt=\"\" class=\"wp-image-2364\" srcset=\"https:\/\/www.kalbus.de\/wp-content\/uploads\/2025\/09\/DSCF5214-768x1024.jpg 768w, https:\/\/www.kalbus.de\/wp-content\/uploads\/2025\/09\/DSCF5214-225x300.jpg 225w, https:\/\/www.kalbus.de\/wp-content\/uploads\/2025\/09\/DSCF5214-1152x1536.jpg 1152w, https:\/\/www.kalbus.de\/wp-content\/uploads\/2025\/09\/DSCF5214.jpg 1440w\" sizes=\"auto, (max-width: 768px) 100vw, 768px\" \/><\/figure>\n\n\n\n<p>und allm\u00e4hlich sieht es so aus, als ob wir uns der W\u00fcste wirklich n\u00e4hern&#8230;<\/p>\n\n\n\n<figure class=\"wp-block-image size-large\"><img loading=\"lazy\" decoding=\"async\" width=\"1024\" height=\"768\" src=\"https:\/\/www.kalbus.de\/wp-content\/uploads\/2025\/09\/DSCF5217-1024x768.jpg\" alt=\"\" class=\"wp-image-2365\" srcset=\"https:\/\/www.kalbus.de\/wp-content\/uploads\/2025\/09\/DSCF5217-1024x768.jpg 1024w, https:\/\/www.kalbus.de\/wp-content\/uploads\/2025\/09\/DSCF5217-300x225.jpg 300w, https:\/\/www.kalbus.de\/wp-content\/uploads\/2025\/09\/DSCF5217-768x576.jpg 768w, https:\/\/www.kalbus.de\/wp-content\/uploads\/2025\/09\/DSCF5217-1536x1152.jpg 1536w, https:\/\/www.kalbus.de\/wp-content\/uploads\/2025\/09\/DSCF5217.jpg 1920w\" sizes=\"auto, (max-width: 1024px) 100vw, 1024px\" \/><\/figure>\n\n\n\n<p>Die Sonne brennt vom Himmel herab und die Wolken bringen hin und wieder etwas Schatten und dann n\u00e4hern wir uns auch dem Ziel des heutigen Tages, Bayanzag. Die Flaming Cliffs werden wir zwar nicht besuchen, beeindruckend ist es aber trotzdem. <\/p>\n\n\n\n<figure class=\"wp-block-image size-large\"><img loading=\"lazy\" decoding=\"async\" width=\"1024\" height=\"768\" src=\"https:\/\/www.kalbus.de\/wp-content\/uploads\/2025\/09\/DSCF5218-1024x768.jpg\" alt=\"\" class=\"wp-image-2366\" srcset=\"https:\/\/www.kalbus.de\/wp-content\/uploads\/2025\/09\/DSCF5218-1024x768.jpg 1024w, https:\/\/www.kalbus.de\/wp-content\/uploads\/2025\/09\/DSCF5218-300x225.jpg 300w, https:\/\/www.kalbus.de\/wp-content\/uploads\/2025\/09\/DSCF5218-768x576.jpg 768w, https:\/\/www.kalbus.de\/wp-content\/uploads\/2025\/09\/DSCF5218-1536x1152.jpg 1536w, https:\/\/www.kalbus.de\/wp-content\/uploads\/2025\/09\/DSCF5218.jpg 1920w\" sizes=\"auto, (max-width: 1024px) 100vw, 1024px\" \/><\/figure>\n\n\n\n<p>Erstmal Zwischenstop an einem Wald aus Saxaul B\u00e4umen, die hier in der extrem Trockenen Gegend ganz gut Wachsen und als Feuerholz begehrt sind.<\/p>\n\n\n\n<figure class=\"wp-block-image size-large\"><img loading=\"lazy\" decoding=\"async\" width=\"768\" height=\"1024\" src=\"https:\/\/www.kalbus.de\/wp-content\/uploads\/2025\/09\/DSCF5222-768x1024.jpg\" alt=\"\" class=\"wp-image-2367\" srcset=\"https:\/\/www.kalbus.de\/wp-content\/uploads\/2025\/09\/DSCF5222-768x1024.jpg 768w, https:\/\/www.kalbus.de\/wp-content\/uploads\/2025\/09\/DSCF5222-225x300.jpg 225w, https:\/\/www.kalbus.de\/wp-content\/uploads\/2025\/09\/DSCF5222-1152x1536.jpg 1152w, https:\/\/www.kalbus.de\/wp-content\/uploads\/2025\/09\/DSCF5222.jpg 1440w\" sizes=\"auto, (max-width: 768px) 100vw, 768px\" \/><\/figure>\n\n\n\n<p>Die Wurzeln sind tiefschwarz und gehen weit in den sandigen Untergrund. <\/p>\n\n\n\n<figure class=\"wp-block-image size-large\"><img loading=\"lazy\" decoding=\"async\" width=\"768\" height=\"1024\" src=\"https:\/\/www.kalbus.de\/wp-content\/uploads\/2025\/09\/DSCF5225-768x1024.jpg\" alt=\"\" class=\"wp-image-2368\" srcset=\"https:\/\/www.kalbus.de\/wp-content\/uploads\/2025\/09\/DSCF5225-768x1024.jpg 768w, https:\/\/www.kalbus.de\/wp-content\/uploads\/2025\/09\/DSCF5225-225x300.jpg 225w, https:\/\/www.kalbus.de\/wp-content\/uploads\/2025\/09\/DSCF5225-1152x1536.jpg 1152w, https:\/\/www.kalbus.de\/wp-content\/uploads\/2025\/09\/DSCF5225.jpg 1440w\" sizes=\"auto, (max-width: 768px) 100vw, 768px\" \/><\/figure>\n\n\n\n<p>und dann sehen wir sie doch, die Flaming Cliffs von Bayanzag. Die Gegend hat ein bisschen was von Monument Valley und auch unser Begleiter ist begeistert und macht Aufnahmen.<\/p>\n\n\n\n<figure class=\"wp-block-image size-large\"><img loading=\"lazy\" decoding=\"async\" width=\"1024\" height=\"768\" src=\"https:\/\/www.kalbus.de\/wp-content\/uploads\/2025\/09\/DSCF5227-1024x768.jpg\" alt=\"\" class=\"wp-image-2369\" srcset=\"https:\/\/www.kalbus.de\/wp-content\/uploads\/2025\/09\/DSCF5227-1024x768.jpg 1024w, https:\/\/www.kalbus.de\/wp-content\/uploads\/2025\/09\/DSCF5227-300x225.jpg 300w, https:\/\/www.kalbus.de\/wp-content\/uploads\/2025\/09\/DSCF5227-768x576.jpg 768w, https:\/\/www.kalbus.de\/wp-content\/uploads\/2025\/09\/DSCF5227-1536x1152.jpg 1536w, https:\/\/www.kalbus.de\/wp-content\/uploads\/2025\/09\/DSCF5227.jpg 1920w\" sizes=\"auto, (max-width: 1024px) 100vw, 1024px\" \/><\/figure>\n\n\n\n<p>Hier in der Gegend werden viele Dinosaurier Skelette gefunden, vor allem auch vollst\u00e4ndige und gut erhaltene. Wir sind durch die W\u00e4rme und die Sonne ger\u00f6stet und freuen uns nach der Ankunft auf eine Dusche und ein sch\u00f6nes Abendessen.<\/p>\n\n\n\n<figure class=\"wp-block-image size-large\"><img loading=\"lazy\" decoding=\"async\" width=\"1024\" height=\"768\" src=\"https:\/\/www.kalbus.de\/wp-content\/uploads\/2025\/09\/DSCF5230-1024x768.jpg\" alt=\"\" class=\"wp-image-2370\" srcset=\"https:\/\/www.kalbus.de\/wp-content\/uploads\/2025\/09\/DSCF5230-1024x768.jpg 1024w, https:\/\/www.kalbus.de\/wp-content\/uploads\/2025\/09\/DSCF5230-300x225.jpg 300w, https:\/\/www.kalbus.de\/wp-content\/uploads\/2025\/09\/DSCF5230-768x576.jpg 768w, https:\/\/www.kalbus.de\/wp-content\/uploads\/2025\/09\/DSCF5230-1536x1152.jpg 1536w, https:\/\/www.kalbus.de\/wp-content\/uploads\/2025\/09\/DSCF5230.jpg 1920w\" sizes=\"auto, (max-width: 1024px) 100vw, 1024px\" \/><\/figure>\n\n\n\n<p>Im Camp gehen wir essen und genie\u00dfen die Aussicht und haben dann noch einen entspannten ruhigen Abend. Einfach mal die Eindr\u00fccke des Tages sacken lassen.<\/p>\n","protected":false},"excerpt":{"rendered":"<p>Heute fr\u00fch lassen wir uns Zeit und fr\u00fchst\u00fccken erst um 8 Uhr. Dabei k\u00f6nnen wir zuschauen, wie die anderen Gruppen ihr Gep\u00e4ck aus den Jurten mit Karren zu ihren Buchankas gebracht bekommen. Der Service im Camp ist toll. Unser Mongolischer Begleiter sieht beim Fr\u00fchst\u00fcck etwas m\u00fcde aus, denn er ist in der Nacht von der &hellip; <a href=\"https:\/\/www.kalbus.de\/?p=2336\" class=\"more-link\"><span class=\"screen-reader-text\">Von Serkhan Gobi nach Bayanzag<\/span> weiterlesen<\/a><\/p>\n","protected":false},"author":2,"featured_media":0,"comment_status":"closed","ping_status":"closed","sticky":false,"template":"","format":"standard","meta":{"_jetpack_memberships_contains_paid_content":false,"footnotes":"","jetpack_publicize_message":"","jetpack_publicize_feature_enabled":true,"jetpack_social_post_already_shared":true,"jetpack_social_options":{"image_generator_settings":{"template":"highway","default_image_id":0,"font":"","enabled":false},"version":2}},"categories":[81,57],"tags":[],"class_list":["post-2336","post","type-post","status-publish","format-standard","hentry","category-mongolei-2025","category-reisen"],"jetpack_publicize_connections":[],"jetpack_featured_media_url":"","jetpack_shortlink":"https:\/\/wp.me\/p2LFC5-BG","jetpack_sharing_enabled":true,"_links":{"self":[{"href":"https:\/\/www.kalbus.de\/index.php?rest_route=\/wp\/v2\/posts\/2336","targetHints":{"allow":["GET"]}}],"collection":[{"href":"https:\/\/www.kalbus.de\/index.php?rest_route=\/wp\/v2\/posts"}],"about":[{"href":"https:\/\/www.kalbus.de\/index.php?rest_route=\/wp\/v2\/types\/post"}],"author":[{"embeddable":true,"href":"https:\/\/www.kalbus.de\/index.php?rest_route=\/wp\/v2\/users\/2"}],"replies":[{"embeddable":true,"href":"https:\/\/www.kalbus.de\/index.php?rest_route=%2Fwp%2Fv2%2Fcomments&post=2336"}],"version-history":[{"count":1,"href":"https:\/\/www.kalbus.de\/index.php?rest_route=\/wp\/v2\/posts\/2336\/revisions"}],"predecessor-version":[{"id":2371,"href":"https:\/\/www.kalbus.de\/index.php?rest_route=\/wp\/v2\/posts\/2336\/revisions\/2371"}],"wp:attachment":[{"href":"https:\/\/www.kalbus.de\/index.php?rest_route=%2Fwp%2Fv2%2Fmedia&parent=2336"}],"wp:term":[{"taxonomy":"category","embeddable":true,"href":"https:\/\/www.kalbus.de\/index.php?rest_route=%2Fwp%2Fv2%2Fcategories&post=2336"},{"taxonomy":"post_tag","embeddable":true,"href":"https:\/\/www.kalbus.de\/index.php?rest_route=%2Fwp%2Fv2%2Ftags&post=2336"}],"curies":[{"name":"wp","href":"https:\/\/api.w.org\/{rel}","templated":true}]}}