{"id":1871,"date":"2024-06-13T20:00:00","date_gmt":"2024-06-13T18:00:00","guid":{"rendered":"https:\/\/www.kalbus.de\/?p=1871"},"modified":"2024-06-17T09:26:50","modified_gmt":"2024-06-17T07:26:50","slug":"spass-mit-faehren","status":"publish","type":"post","link":"https:\/\/www.kalbus.de\/?p=1871","title":{"rendered":"Spa\u00df mit F\u00e4hren"},"content":{"rendered":"\n<p class=\"wp-block-paragraph\">Der Start in der Fr\u00fch war etwas hektisch. Als ich aufgewacht bin, habe ich mir die F\u00e4hrverbindungen angeschaut und festgestellt, dass sie in 45 Minuten geht. Also Z\u00e4hne putzen, Katzenw\u00e4sche, St\u00fctzen hoch, Wohnwagen anh\u00e4ngen und los gehts. <\/p>\n\n\n\n<figure class=\"wp-block-image size-large\"><img loading=\"lazy\" decoding=\"async\" width=\"1024\" height=\"683\" src=\"https:\/\/www.kalbus.de\/wp-content\/uploads\/2024\/06\/DSCF7491-1024x683.jpg\" alt=\"\" class=\"wp-image-1872\" srcset=\"https:\/\/www.kalbus.de\/wp-content\/uploads\/2024\/06\/DSCF7491-1024x683.jpg 1024w, https:\/\/www.kalbus.de\/wp-content\/uploads\/2024\/06\/DSCF7491-300x200.jpg 300w, https:\/\/www.kalbus.de\/wp-content\/uploads\/2024\/06\/DSCF7491-768x512.jpg 768w, https:\/\/www.kalbus.de\/wp-content\/uploads\/2024\/06\/DSCF7491-1536x1024.jpg 1536w, https:\/\/www.kalbus.de\/wp-content\/uploads\/2024\/06\/DSCF7491.jpg 1920w\" sizes=\"auto, (max-width: 1024px) 100vw, 1024px\" \/><\/figure>\n\n\n\n<p class=\"wp-block-paragraph\">Gerade noch rechtzeitig in die Schlange eingereiht und nochmal kontrolliert, ob ich auch nichts vergessen habe. Bei dem schnellen Start, kann sowas ja schon mal passieren. <\/p>\n\n\n\n<figure class=\"wp-block-image size-large\"><img loading=\"lazy\" decoding=\"async\" width=\"1024\" height=\"683\" src=\"https:\/\/www.kalbus.de\/wp-content\/uploads\/2024\/06\/DSCF7494-1024x683.jpg\" alt=\"\" class=\"wp-image-1874\" srcset=\"https:\/\/www.kalbus.de\/wp-content\/uploads\/2024\/06\/DSCF7494-1024x683.jpg 1024w, https:\/\/www.kalbus.de\/wp-content\/uploads\/2024\/06\/DSCF7494-300x200.jpg 300w, https:\/\/www.kalbus.de\/wp-content\/uploads\/2024\/06\/DSCF7494-768x512.jpg 768w, https:\/\/www.kalbus.de\/wp-content\/uploads\/2024\/06\/DSCF7494-1536x1024.jpg 1536w, https:\/\/www.kalbus.de\/wp-content\/uploads\/2024\/06\/DSCF7494.jpg 1920w\" sizes=\"auto, (max-width: 1024px) 100vw, 1024px\" \/><\/figure>\n\n\n\n<p class=\"wp-block-paragraph\">Daf\u00fcr habe ich dann w\u00e4hrend der F\u00e4hr\u00fcberfahrt noch mal den Plan gepr\u00fcft und festgestellt, dass F\u00e4hre auf die n\u00e4chste Insel erst in knapp zwei Stunden f\u00e4hrt.<\/p>\n\n\n\n<figure class=\"wp-block-image size-large\"><img loading=\"lazy\" decoding=\"async\" width=\"1024\" height=\"683\" src=\"https:\/\/www.kalbus.de\/wp-content\/uploads\/2024\/06\/DSCF7498-1024x683.jpg\" alt=\"\" class=\"wp-image-1875\" srcset=\"https:\/\/www.kalbus.de\/wp-content\/uploads\/2024\/06\/DSCF7498-1024x683.jpg 1024w, https:\/\/www.kalbus.de\/wp-content\/uploads\/2024\/06\/DSCF7498-300x200.jpg 300w, https:\/\/www.kalbus.de\/wp-content\/uploads\/2024\/06\/DSCF7498-768x512.jpg 768w, https:\/\/www.kalbus.de\/wp-content\/uploads\/2024\/06\/DSCF7498-1536x1024.jpg 1536w, https:\/\/www.kalbus.de\/wp-content\/uploads\/2024\/06\/DSCF7498.jpg 1920w\" sizes=\"auto, (max-width: 1024px) 100vw, 1024px\" \/><\/figure>\n\n\n\n<p class=\"wp-block-paragraph\">Dann suche ich mir eben einen sch\u00f6nen Platz zum fr\u00fchst\u00fccken. Ich hab ja alles dabei.<\/p>\n\n\n\n<figure class=\"wp-block-image size-large\"><img loading=\"lazy\" decoding=\"async\" width=\"1024\" height=\"683\" src=\"https:\/\/www.kalbus.de\/wp-content\/uploads\/2024\/06\/DSCF7500-1024x683.jpg\" alt=\"\" class=\"wp-image-1876\" srcset=\"https:\/\/www.kalbus.de\/wp-content\/uploads\/2024\/06\/DSCF7500-1024x683.jpg 1024w, https:\/\/www.kalbus.de\/wp-content\/uploads\/2024\/06\/DSCF7500-300x200.jpg 300w, https:\/\/www.kalbus.de\/wp-content\/uploads\/2024\/06\/DSCF7500-768x512.jpg 768w, https:\/\/www.kalbus.de\/wp-content\/uploads\/2024\/06\/DSCF7500-1536x1024.jpg 1536w, https:\/\/www.kalbus.de\/wp-content\/uploads\/2024\/06\/DSCF7500.jpg 1920w\" sizes=\"auto, (max-width: 1024px) 100vw, 1024px\" \/><\/figure>\n\n\n\n<p class=\"wp-block-paragraph\">Noch nicht ganz, aber gleich komme ich an einen Parkplatz, wo es Tische gibt. Solche Rastpl\u00e4tze sind immer wieder an den Stra\u00dfen. <\/p>\n\n\n\n<figure class=\"wp-block-image size-large\"><img loading=\"lazy\" decoding=\"async\" width=\"1024\" height=\"683\" src=\"https:\/\/www.kalbus.de\/wp-content\/uploads\/2024\/06\/DSCF7502-1024x683.jpg\" alt=\"\" class=\"wp-image-1877\" srcset=\"https:\/\/www.kalbus.de\/wp-content\/uploads\/2024\/06\/DSCF7502-1024x683.jpg 1024w, https:\/\/www.kalbus.de\/wp-content\/uploads\/2024\/06\/DSCF7502-300x200.jpg 300w, https:\/\/www.kalbus.de\/wp-content\/uploads\/2024\/06\/DSCF7502-768x512.jpg 768w, https:\/\/www.kalbus.de\/wp-content\/uploads\/2024\/06\/DSCF7502-1536x1024.jpg 1536w, https:\/\/www.kalbus.de\/wp-content\/uploads\/2024\/06\/DSCF7502.jpg 1920w\" sizes=\"auto, (max-width: 1024px) 100vw, 1024px\" \/><\/figure>\n\n\n\n<p class=\"wp-block-paragraph\">Ein bisschen was braucht es da aber noch&#8230; und die Vorr\u00e4te von zuhause sind noch nicht ganz aufgebraucht. Das ist auch gut so, denn Einkaufen ist hier in Norwegen verflixt teuer.<\/p>\n\n\n\n<figure class=\"wp-block-image size-large\"><img loading=\"lazy\" decoding=\"async\" width=\"768\" height=\"1024\" src=\"https:\/\/www.kalbus.de\/wp-content\/uploads\/2024\/06\/2856C330-BFB7-43CF-98C6-82C6666458A1_1_102_o-768x1024.jpeg\" alt=\"\" class=\"wp-image-1878\" srcset=\"https:\/\/www.kalbus.de\/wp-content\/uploads\/2024\/06\/2856C330-BFB7-43CF-98C6-82C6666458A1_1_102_o-768x1024.jpeg 768w, https:\/\/www.kalbus.de\/wp-content\/uploads\/2024\/06\/2856C330-BFB7-43CF-98C6-82C6666458A1_1_102_o-225x300.jpeg 225w, https:\/\/www.kalbus.de\/wp-content\/uploads\/2024\/06\/2856C330-BFB7-43CF-98C6-82C6666458A1_1_102_o-1152x1536.jpeg 1152w, https:\/\/www.kalbus.de\/wp-content\/uploads\/2024\/06\/2856C330-BFB7-43CF-98C6-82C6666458A1_1_102_o.jpeg 1536w\" sizes=\"auto, (max-width: 768px) 100vw, 768px\" \/><\/figure>\n\n\n\n<figure class=\"wp-block-image size-large\"><img loading=\"lazy\" decoding=\"async\" width=\"1024\" height=\"683\" src=\"https:\/\/www.kalbus.de\/wp-content\/uploads\/2024\/06\/DSCF7526-1024x683.jpg\" alt=\"\" class=\"wp-image-1879\" srcset=\"https:\/\/www.kalbus.de\/wp-content\/uploads\/2024\/06\/DSCF7526-1024x683.jpg 1024w, https:\/\/www.kalbus.de\/wp-content\/uploads\/2024\/06\/DSCF7526-300x200.jpg 300w, https:\/\/www.kalbus.de\/wp-content\/uploads\/2024\/06\/DSCF7526-768x512.jpg 768w, https:\/\/www.kalbus.de\/wp-content\/uploads\/2024\/06\/DSCF7526-1536x1024.jpg 1536w, https:\/\/www.kalbus.de\/wp-content\/uploads\/2024\/06\/DSCF7526.jpg 1920w\" sizes=\"auto, (max-width: 1024px) 100vw, 1024px\" \/><\/figure>\n\n\n\n<p class=\"wp-block-paragraph\">Nach einem ordentlichen Fr\u00fchst\u00fcck, Kaffe und auch wieder alles ordentlich wegr\u00e4umen geht es weiter zur n\u00e4chsten F\u00e4hre von Jektvik nach Kilboghavn. Die F\u00e4hre f\u00e4hrt ungef\u00e4hr eine Stunde und ist voll elektrisch. So ruhig, so sanft und am Hafen wird mit einem Schnellader wieder aufgeladen.<\/p>\n\n\n\n<figure class=\"wp-block-image size-large\"><img loading=\"lazy\" decoding=\"async\" width=\"1024\" height=\"683\" src=\"https:\/\/www.kalbus.de\/wp-content\/uploads\/2024\/06\/DSCF7527-1024x683.jpg\" alt=\"\" class=\"wp-image-1880\" srcset=\"https:\/\/www.kalbus.de\/wp-content\/uploads\/2024\/06\/DSCF7527-1024x683.jpg 1024w, https:\/\/www.kalbus.de\/wp-content\/uploads\/2024\/06\/DSCF7527-300x200.jpg 300w, https:\/\/www.kalbus.de\/wp-content\/uploads\/2024\/06\/DSCF7527-768x512.jpg 768w, https:\/\/www.kalbus.de\/wp-content\/uploads\/2024\/06\/DSCF7527-1536x1024.jpg 1536w, https:\/\/www.kalbus.de\/wp-content\/uploads\/2024\/06\/DSCF7527.jpg 1920w\" sizes=\"auto, (max-width: 1024px) 100vw, 1024px\" \/><\/figure>\n\n\n\n<p class=\"wp-block-paragraph\">Immer wieder neue Aussichten auf Berge und Inseln. An diesem K\u00fcstenabschnitt geht es immer wieder zwischen den Inseln durch und dann auch wieder nach S\u00fcden \u00fcber den Polarkreis.<\/p>\n\n\n\n<figure class=\"wp-block-image size-large\"><img loading=\"lazy\" decoding=\"async\" width=\"1024\" height=\"682\" src=\"https:\/\/www.kalbus.de\/wp-content\/uploads\/2024\/06\/DSCF7538-1024x682.jpg\" alt=\"\" class=\"wp-image-1882\" srcset=\"https:\/\/www.kalbus.de\/wp-content\/uploads\/2024\/06\/DSCF7538-1024x682.jpg 1024w, https:\/\/www.kalbus.de\/wp-content\/uploads\/2024\/06\/DSCF7538-300x200.jpg 300w, https:\/\/www.kalbus.de\/wp-content\/uploads\/2024\/06\/DSCF7538-768x512.jpg 768w, https:\/\/www.kalbus.de\/wp-content\/uploads\/2024\/06\/DSCF7538-1536x1023.jpg 1536w, https:\/\/www.kalbus.de\/wp-content\/uploads\/2024\/06\/DSCF7538.jpg 1920w\" sizes=\"auto, (max-width: 1024px) 100vw, 1024px\" \/><\/figure>\n\n\n\n<p class=\"wp-block-paragraph\">Ab sofort wird es Nachts wieder schlagartig dunkel &#8211; nicht wirklich. Die Sonne streift nur den Horizont und geht noch nicht wirklich unter. Jetzt habe ich den Polarkreis schon dreimal mit dem Auto und jetzt auch mit dem Schiff \u00fcberquert. <\/p>\n\n\n\n<figure class=\"wp-block-image size-large\"><img loading=\"lazy\" decoding=\"async\" width=\"1024\" height=\"683\" src=\"https:\/\/www.kalbus.de\/wp-content\/uploads\/2024\/06\/DSCF7533-1024x683.jpg\" alt=\"\" class=\"wp-image-1883\" srcset=\"https:\/\/www.kalbus.de\/wp-content\/uploads\/2024\/06\/DSCF7533-1024x683.jpg 1024w, https:\/\/www.kalbus.de\/wp-content\/uploads\/2024\/06\/DSCF7533-300x200.jpg 300w, https:\/\/www.kalbus.de\/wp-content\/uploads\/2024\/06\/DSCF7533-768x512.jpg 768w, https:\/\/www.kalbus.de\/wp-content\/uploads\/2024\/06\/DSCF7533-1536x1024.jpg 1536w, https:\/\/www.kalbus.de\/wp-content\/uploads\/2024\/06\/DSCF7533.jpg 1920w\" sizes=\"auto, (max-width: 1024px) 100vw, 1024px\" \/><\/figure>\n\n\n\n<p class=\"wp-block-paragraph\">und immer wieder neue, Aussichten und dann denke ich mir, hier braucht man nicht unbedingt ein Auto, aber ganz sicher ein Boot, wenn man so abgelegen wohnt.<\/p>\n\n\n\n<figure class=\"wp-block-image size-large\"><img loading=\"lazy\" decoding=\"async\" width=\"683\" height=\"1024\" src=\"https:\/\/www.kalbus.de\/wp-content\/uploads\/2024\/06\/DSCF7540-683x1024.jpg\" alt=\"\" class=\"wp-image-1884\" srcset=\"https:\/\/www.kalbus.de\/wp-content\/uploads\/2024\/06\/DSCF7540-683x1024.jpg 683w, https:\/\/www.kalbus.de\/wp-content\/uploads\/2024\/06\/DSCF7540-200x300.jpg 200w, https:\/\/www.kalbus.de\/wp-content\/uploads\/2024\/06\/DSCF7540-768x1152.jpg 768w, https:\/\/www.kalbus.de\/wp-content\/uploads\/2024\/06\/DSCF7540-1024x1536.jpg 1024w, https:\/\/www.kalbus.de\/wp-content\/uploads\/2024\/06\/DSCF7540.jpg 1280w\" sizes=\"auto, (max-width: 683px) 100vw, 683px\" \/><\/figure>\n\n\n\n<p class=\"wp-block-paragraph\">Ich bin wieder an Land und fahre so an der K\u00fcste entlang und bei einem Parkplatz habe ich so eine tolle Aussicht auf die Inseln vor der K\u00fcste.<\/p>\n\n\n\n<figure class=\"wp-block-image size-large\"><img loading=\"lazy\" decoding=\"async\" width=\"1024\" height=\"230\" src=\"https:\/\/www.kalbus.de\/wp-content\/uploads\/2024\/06\/DSCF7545-1024x230.jpg\" alt=\"\" class=\"wp-image-1885\" srcset=\"https:\/\/www.kalbus.de\/wp-content\/uploads\/2024\/06\/DSCF7545-1024x230.jpg 1024w, https:\/\/www.kalbus.de\/wp-content\/uploads\/2024\/06\/DSCF7545-300x67.jpg 300w, https:\/\/www.kalbus.de\/wp-content\/uploads\/2024\/06\/DSCF7545-768x173.jpg 768w, https:\/\/www.kalbus.de\/wp-content\/uploads\/2024\/06\/DSCF7545-1536x346.jpg 1536w, https:\/\/www.kalbus.de\/wp-content\/uploads\/2024\/06\/DSCF7545-2048x461.jpg 2048w\" sizes=\"auto, (max-width: 1024px) 100vw, 1024px\" \/><\/figure>\n\n\n\n<p class=\"wp-block-paragraph\">Von der K\u00fcste geht es dann durchs Land durch und das bedeutet gleich, dass Berge \u00fcberwunden werden m\u00fcssen und man ruck zuck auf 300m H\u00f6he kommt. Mein Auto g\u00f6nnt sich einen ordentlichen Schluck aus dem Tank.<\/p>\n\n\n\n<figure class=\"wp-block-image size-large\"><img loading=\"lazy\" decoding=\"async\" width=\"1024\" height=\"683\" src=\"https:\/\/www.kalbus.de\/wp-content\/uploads\/2024\/06\/DSCF7547-1024x683.jpg\" alt=\"\" class=\"wp-image-1887\" srcset=\"https:\/\/www.kalbus.de\/wp-content\/uploads\/2024\/06\/DSCF7547-1024x683.jpg 1024w, https:\/\/www.kalbus.de\/wp-content\/uploads\/2024\/06\/DSCF7547-300x200.jpg 300w, https:\/\/www.kalbus.de\/wp-content\/uploads\/2024\/06\/DSCF7547-768x512.jpg 768w, https:\/\/www.kalbus.de\/wp-content\/uploads\/2024\/06\/DSCF7547-1536x1024.jpg 1536w, https:\/\/www.kalbus.de\/wp-content\/uploads\/2024\/06\/DSCF7547.jpg 1920w\" sizes=\"auto, (max-width: 1024px) 100vw, 1024px\" \/><\/figure>\n\n\n\n<p class=\"wp-block-paragraph\">und danach wieder runter auf Meeresniveau zum n\u00e4chsten tollen Rastplatz Hell\u00e5ga. Die Aussichten an diesen Pl\u00e4tzen sind toll und sie sind auch sch\u00f6n gemacht. <\/p>\n\n\n\n<figure class=\"wp-block-image size-large\"><img loading=\"lazy\" decoding=\"async\" width=\"1024\" height=\"683\" src=\"https:\/\/www.kalbus.de\/wp-content\/uploads\/2024\/06\/DSCF7553-1024x683.jpg\" alt=\"\" class=\"wp-image-1888\" srcset=\"https:\/\/www.kalbus.de\/wp-content\/uploads\/2024\/06\/DSCF7553-1024x683.jpg 1024w, https:\/\/www.kalbus.de\/wp-content\/uploads\/2024\/06\/DSCF7553-300x200.jpg 300w, https:\/\/www.kalbus.de\/wp-content\/uploads\/2024\/06\/DSCF7553-768x512.jpg 768w, https:\/\/www.kalbus.de\/wp-content\/uploads\/2024\/06\/DSCF7553-1536x1024.jpg 1536w, https:\/\/www.kalbus.de\/wp-content\/uploads\/2024\/06\/DSCF7553.jpg 1920w\" sizes=\"auto, (max-width: 1024px) 100vw, 1024px\" \/><\/figure>\n\n\n\n<p class=\"wp-block-paragraph\">Damit man es sich dort aber gem\u00fctlich machen kann, muss man erst ein paar Treppenstufen runter. Und es waren genug Menschen da, auch um zu Angeln.<\/p>\n\n\n\n<figure class=\"wp-block-image size-large\"><img loading=\"lazy\" decoding=\"async\" width=\"1024\" height=\"683\" src=\"https:\/\/www.kalbus.de\/wp-content\/uploads\/2024\/06\/DSCF7556-1024x683.jpg\" alt=\"\" class=\"wp-image-1889\" srcset=\"https:\/\/www.kalbus.de\/wp-content\/uploads\/2024\/06\/DSCF7556-1024x683.jpg 1024w, https:\/\/www.kalbus.de\/wp-content\/uploads\/2024\/06\/DSCF7556-300x200.jpg 300w, https:\/\/www.kalbus.de\/wp-content\/uploads\/2024\/06\/DSCF7556-768x512.jpg 768w, https:\/\/www.kalbus.de\/wp-content\/uploads\/2024\/06\/DSCF7556-1536x1024.jpg 1536w, https:\/\/www.kalbus.de\/wp-content\/uploads\/2024\/06\/DSCF7556.jpg 1920w\" sizes=\"auto, (max-width: 1024px) 100vw, 1024px\" \/><\/figure>\n\n\n\n<p class=\"wp-block-paragraph\">Die Strecke weiter nach S\u00fcden f\u00fchrt dann auf der einen Seite des Fjords entlang und auf der anderen zur\u00fcck. So konnte ich dann von der anderen Seite und deutlich h\u00f6her einen Blick zur\u00fcck werfen.<\/p>\n\n\n\n<figure class=\"wp-block-image size-large\"><img loading=\"lazy\" decoding=\"async\" width=\"1024\" height=\"683\" src=\"https:\/\/www.kalbus.de\/wp-content\/uploads\/2024\/06\/DSCF7562-1024x683.jpg\" alt=\"\" class=\"wp-image-1890\" srcset=\"https:\/\/www.kalbus.de\/wp-content\/uploads\/2024\/06\/DSCF7562-1024x683.jpg 1024w, https:\/\/www.kalbus.de\/wp-content\/uploads\/2024\/06\/DSCF7562-300x200.jpg 300w, https:\/\/www.kalbus.de\/wp-content\/uploads\/2024\/06\/DSCF7562-768x512.jpg 768w, https:\/\/www.kalbus.de\/wp-content\/uploads\/2024\/06\/DSCF7562-1536x1024.jpg 1536w, https:\/\/www.kalbus.de\/wp-content\/uploads\/2024\/06\/DSCF7562.jpg 1920w\" sizes=\"auto, (max-width: 1024px) 100vw, 1024px\" \/><\/figure>\n\n\n\n<p class=\"wp-block-paragraph\">und dabei ist mir aufgefallen, wie kahl der Fels da doch wirklich ist. Wenn man die Stra\u00dfe entlang f\u00e4hrt, sieht es so aus, als ob Birken und Gras reichlich sind und es wunderbar gr\u00fcn ist. Das ist dort nur ein schmaler Streifen. <\/p>\n\n\n\n<figure class=\"wp-block-image size-large\"><img loading=\"lazy\" decoding=\"async\" width=\"1024\" height=\"683\" src=\"https:\/\/www.kalbus.de\/wp-content\/uploads\/2024\/06\/DSCF7568-1024x683.jpg\" alt=\"\" class=\"wp-image-1891\" srcset=\"https:\/\/www.kalbus.de\/wp-content\/uploads\/2024\/06\/DSCF7568-1024x683.jpg 1024w, https:\/\/www.kalbus.de\/wp-content\/uploads\/2024\/06\/DSCF7568-300x200.jpg 300w, https:\/\/www.kalbus.de\/wp-content\/uploads\/2024\/06\/DSCF7568-768x512.jpg 768w, https:\/\/www.kalbus.de\/wp-content\/uploads\/2024\/06\/DSCF7568-1536x1024.jpg 1536w, https:\/\/www.kalbus.de\/wp-content\/uploads\/2024\/06\/DSCF7568.jpg 1920w\" sizes=\"auto, (max-width: 1024px) 100vw, 1024px\" \/><\/figure>\n\n\n\n<p class=\"wp-block-paragraph\">Die n\u00e4chste F\u00e4hre in Nesna lie\u00df ordentlich auf sich warten. Bei einer Pause hatte ich von Reisenden erfahren, dass es auf der Strecke ein Problem mit dem Hauptschiff gibt und das Ersatzschiff auch nicht so rund l\u00e4uft. Also war mir klar, dass ich geduldig sein muss. Dass es dann aber \u00fcber zwei Stunden geworden sind war dann doch sehr lang. Und ich hatte noch Gl\u00fcck, denn nicht alle, die angestanden sind, haben einen Platz bekommen. Die mussten dann noch mal eine Stunde l\u00e4nger warten. <\/p>\n\n\n\n<figure class=\"wp-block-image size-large\"><img loading=\"lazy\" decoding=\"async\" width=\"1024\" height=\"683\" src=\"https:\/\/www.kalbus.de\/wp-content\/uploads\/2024\/06\/DSCF7572-1024x683.jpg\" alt=\"\" class=\"wp-image-1892\" srcset=\"https:\/\/www.kalbus.de\/wp-content\/uploads\/2024\/06\/DSCF7572-1024x683.jpg 1024w, https:\/\/www.kalbus.de\/wp-content\/uploads\/2024\/06\/DSCF7572-300x200.jpg 300w, https:\/\/www.kalbus.de\/wp-content\/uploads\/2024\/06\/DSCF7572-768x512.jpg 768w, https:\/\/www.kalbus.de\/wp-content\/uploads\/2024\/06\/DSCF7572-1536x1024.jpg 1536w, https:\/\/www.kalbus.de\/wp-content\/uploads\/2024\/06\/DSCF7572.jpg 1920w\" sizes=\"auto, (max-width: 1024px) 100vw, 1024px\" \/><\/figure>\n\n\n\n<p class=\"wp-block-paragraph\">Mein Plan, dass ich weiter kommen wollte, war nicht zu halten und obwohl es noch immer nicht dunkel wird, war ich m\u00fcde genug, dass ich mir ein Pl\u00e4tzchen f\u00fcr die Nacht gesucht habe. <\/p>\n\n\n\n<figure class=\"wp-block-image size-large\"><img loading=\"lazy\" decoding=\"async\" width=\"1024\" height=\"683\" src=\"https:\/\/www.kalbus.de\/wp-content\/uploads\/2024\/06\/DSCF7571-1024x683.jpg\" alt=\"\" class=\"wp-image-1893\" srcset=\"https:\/\/www.kalbus.de\/wp-content\/uploads\/2024\/06\/DSCF7571-1024x683.jpg 1024w, https:\/\/www.kalbus.de\/wp-content\/uploads\/2024\/06\/DSCF7571-300x200.jpg 300w, https:\/\/www.kalbus.de\/wp-content\/uploads\/2024\/06\/DSCF7571-768x512.jpg 768w, https:\/\/www.kalbus.de\/wp-content\/uploads\/2024\/06\/DSCF7571-1536x1024.jpg 1536w, https:\/\/www.kalbus.de\/wp-content\/uploads\/2024\/06\/DSCF7571.jpg 1920w\" sizes=\"auto, (max-width: 1024px) 100vw, 1024px\" \/><\/figure>\n\n\n\n<p class=\"wp-block-paragraph\">Irgendwas mit einer tollen Aussicht auf die Helgelandsbr\u00fccke und so habe ich buchst\u00e4blich unter der Br\u00fccke geschlafen. Wenn auch 47 m darunter.<\/p>\n\n\n\n<figure class=\"wp-block-image size-large\"><img loading=\"lazy\" decoding=\"async\" width=\"1024\" height=\"683\" src=\"https:\/\/www.kalbus.de\/wp-content\/uploads\/2024\/06\/DSCF7576-1024x683.jpg\" alt=\"\" class=\"wp-image-1894\" srcset=\"https:\/\/www.kalbus.de\/wp-content\/uploads\/2024\/06\/DSCF7576-1024x683.jpg 1024w, https:\/\/www.kalbus.de\/wp-content\/uploads\/2024\/06\/DSCF7576-300x200.jpg 300w, https:\/\/www.kalbus.de\/wp-content\/uploads\/2024\/06\/DSCF7576-768x512.jpg 768w, https:\/\/www.kalbus.de\/wp-content\/uploads\/2024\/06\/DSCF7576-1536x1024.jpg 1536w, https:\/\/www.kalbus.de\/wp-content\/uploads\/2024\/06\/DSCF7576.jpg 1920w\" sizes=\"auto, (max-width: 1024px) 100vw, 1024px\" \/><\/figure>\n\n\n\n<p class=\"wp-block-paragraph\">Mein Blick aus dem Wohnwagen und um mich herum noch einige Camper mehr, die diesen inoffiziellen Platz auch nutzen. Bei der Aussicht, warum nicht.<\/p>\n","protected":false},"excerpt":{"rendered":"<p>Der Start in der Fr\u00fch war etwas hektisch. Als ich aufgewacht bin, habe ich mir die F\u00e4hrverbindungen angeschaut und festgestellt, dass sie in 45 Minuten geht. Also Z\u00e4hne putzen, Katzenw\u00e4sche, St\u00fctzen hoch, Wohnwagen anh\u00e4ngen und los gehts. Gerade noch rechtzeitig in die Schlange eingereiht und nochmal kontrolliert, ob ich auch nichts vergessen habe. Bei dem &hellip; <a href=\"https:\/\/www.kalbus.de\/?p=1871\" class=\"more-link\"><span class=\"screen-reader-text\">Spa\u00df mit F\u00e4hren<\/span> weiterlesen<\/a><\/p>\n","protected":false},"author":2,"featured_media":0,"comment_status":"closed","ping_status":"closed","sticky":false,"template":"","format":"standard","meta":{"_jetpack_newsletter_access":"","_jetpack_dont_email_post_to_subs":false,"_jetpack_newsletter_tier_id":0,"_jetpack_memberships_contains_paywalled_content":false,"_jetpack_memberships_contains_paid_content":false,"footnotes":"","jetpack_publicize_message":"","jetpack_publicize_feature_enabled":true,"jetpack_social_post_already_shared":true,"jetpack_social_options":{"image_generator_settings":{"template":"highway","default_image_id":0,"font":"","enabled":false},"version":2},"jetpack_post_was_ever_published":false},"categories":[76,57],"tags":[59],"class_list":["post-1871","post","type-post","status-publish","format-standard","hentry","category-norwegen-2024","category-reisen","tag-norwegen"],"jetpack_publicize_connections":[],"jetpack_shortlink":"https:\/\/wp.me\/p2LFC5-ub","jetpack_sharing_enabled":true,"jetpack_featured_media_url":"","_links":{"self":[{"href":"https:\/\/www.kalbus.de\/index.php?rest_route=\/wp\/v2\/posts\/1871","targetHints":{"allow":["GET"]}}],"collection":[{"href":"https:\/\/www.kalbus.de\/index.php?rest_route=\/wp\/v2\/posts"}],"about":[{"href":"https:\/\/www.kalbus.de\/index.php?rest_route=\/wp\/v2\/types\/post"}],"author":[{"embeddable":true,"href":"https:\/\/www.kalbus.de\/index.php?rest_route=\/wp\/v2\/users\/2"}],"replies":[{"embeddable":true,"href":"https:\/\/www.kalbus.de\/index.php?rest_route=%2Fwp%2Fv2%2Fcomments&post=1871"}],"version-history":[{"count":4,"href":"https:\/\/www.kalbus.de\/index.php?rest_route=\/wp\/v2\/posts\/1871\/revisions"}],"predecessor-version":[{"id":1916,"href":"https:\/\/www.kalbus.de\/index.php?rest_route=\/wp\/v2\/posts\/1871\/revisions\/1916"}],"wp:attachment":[{"href":"https:\/\/www.kalbus.de\/index.php?rest_route=%2Fwp%2Fv2%2Fmedia&parent=1871"}],"wp:term":[{"taxonomy":"category","embeddable":true,"href":"https:\/\/www.kalbus.de\/index.php?rest_route=%2Fwp%2Fv2%2Fcategories&post=1871"},{"taxonomy":"post_tag","embeddable":true,"href":"https:\/\/www.kalbus.de\/index.php?rest_route=%2Fwp%2Fv2%2Ftags&post=1871"}],"curies":[{"name":"wp","href":"https:\/\/api.w.org\/{rel}","templated":true}]}}