{"id":1821,"date":"2024-06-10T22:21:26","date_gmt":"2024-06-10T20:21:26","guid":{"rendered":"https:\/\/www.kalbus.de\/?p=1821"},"modified":"2024-06-10T22:21:26","modified_gmt":"2024-06-10T20:21:26","slug":"senja","status":"publish","type":"post","link":"https:\/\/www.kalbus.de\/?p=1821","title":{"rendered":"Senja"},"content":{"rendered":"\n<p>Als ich 2019 hier war bin ich auf dem Weg von den Lofoten hier nur durch gefahren und war schon so beeindruckt von der Landschaft, dass ich unbedingt noch mal herkommen wollte. Gestern wurde es mit der F\u00e4hre etwas sp\u00e4ter und eigentlich w\u00fcrde ich noch gerne verl\u00e4ngern und da bleiben, andererseits sind es noch so viele Kilometer nach Hause und ich m\u00f6chte mich nicht hetzen. Heute war sightseeing auf Senja angesagt.<\/p>\n\n\n\n<figure class=\"wp-block-image size-large\"><img loading=\"lazy\" decoding=\"async\" width=\"683\" height=\"1024\" src=\"https:\/\/www.kalbus.de\/wp-content\/uploads\/2024\/06\/DSCF7226-683x1024.jpg\" alt=\"\" class=\"wp-image-1822\" srcset=\"https:\/\/www.kalbus.de\/wp-content\/uploads\/2024\/06\/DSCF7226-683x1024.jpg 683w, https:\/\/www.kalbus.de\/wp-content\/uploads\/2024\/06\/DSCF7226-200x300.jpg 200w, https:\/\/www.kalbus.de\/wp-content\/uploads\/2024\/06\/DSCF7226-768x1152.jpg 768w, https:\/\/www.kalbus.de\/wp-content\/uploads\/2024\/06\/DSCF7226-1024x1536.jpg 1024w, https:\/\/www.kalbus.de\/wp-content\/uploads\/2024\/06\/DSCF7226.jpg 1280w\" sizes=\"auto, (max-width: 683px) 100vw, 683px\" \/><\/figure>\n\n\n\n<p>Ein wunderbarer Strand, den ich ganz f\u00fcr mich alleine hatte. Zwei \u00e4ltere Damen die Muscheln gesammelt hatten, waren gerade am gehen, als ich angekommen bin. Ein paar Seeschnecken, Pfahlmuscheln und die &#8220;normalen&#8221; Muscheln hatten sie gefunden. <\/p>\n\n\n\n<figure class=\"wp-block-image size-large\"><img loading=\"lazy\" decoding=\"async\" width=\"1024\" height=\"683\" src=\"https:\/\/www.kalbus.de\/wp-content\/uploads\/2024\/06\/DSCF7230-1024x683.jpg\" alt=\"\" class=\"wp-image-1823\" srcset=\"https:\/\/www.kalbus.de\/wp-content\/uploads\/2024\/06\/DSCF7230-1024x683.jpg 1024w, https:\/\/www.kalbus.de\/wp-content\/uploads\/2024\/06\/DSCF7230-300x200.jpg 300w, https:\/\/www.kalbus.de\/wp-content\/uploads\/2024\/06\/DSCF7230-768x512.jpg 768w, https:\/\/www.kalbus.de\/wp-content\/uploads\/2024\/06\/DSCF7230-1536x1024.jpg 1536w, https:\/\/www.kalbus.de\/wp-content\/uploads\/2024\/06\/DSCF7230.jpg 1920w\" sizes=\"auto, (max-width: 1024px) 100vw, 1024px\" \/><\/figure>\n\n\n\n<p>Hier k\u00f6nnte ich bleiben, nur ins Wasser gehen ist keine gute Idee, das ist immer noch das Nordmeer und das Wasser ist k\u00e4lter, als das kalte Wasser aus dem Wasserhahn. Trotzdem sch\u00f6n und ruhig und wenig Menschen.<\/p>\n\n\n\n<figure class=\"wp-block-image size-large\"><img loading=\"lazy\" decoding=\"async\" width=\"1024\" height=\"683\" src=\"https:\/\/www.kalbus.de\/wp-content\/uploads\/2024\/06\/DSCF7231-1024x683.jpg\" alt=\"\" class=\"wp-image-1824\" srcset=\"https:\/\/www.kalbus.de\/wp-content\/uploads\/2024\/06\/DSCF7231-1024x683.jpg 1024w, https:\/\/www.kalbus.de\/wp-content\/uploads\/2024\/06\/DSCF7231-300x200.jpg 300w, https:\/\/www.kalbus.de\/wp-content\/uploads\/2024\/06\/DSCF7231-768x512.jpg 768w, https:\/\/www.kalbus.de\/wp-content\/uploads\/2024\/06\/DSCF7231-1536x1024.jpg 1536w, https:\/\/www.kalbus.de\/wp-content\/uploads\/2024\/06\/DSCF7231.jpg 1920w\" sizes=\"auto, (max-width: 1024px) 100vw, 1024px\" \/><\/figure>\n\n\n\n<p>Aus der Richtung bin ich gestern gekommen und der Blick nach Norden ist frei, also Mitternachtssonne sollte von hier aus gut gehen. Aber ich hab das ja schon gestern gehabt. M\u00fcde bin ich halt schon noch ein bisschen. Weiter an den einzelnen Fjorden von Senja entlang. So ein bisschen wie die Finger einer Hand &#8211; mit einem dutzend Fingern.<\/p>\n\n\n\n<figure class=\"wp-block-image size-large\"><img loading=\"lazy\" decoding=\"async\" width=\"1024\" height=\"683\" src=\"https:\/\/www.kalbus.de\/wp-content\/uploads\/2024\/06\/DSCF7282-1024x683.jpg\" alt=\"\" class=\"wp-image-1825\" srcset=\"https:\/\/www.kalbus.de\/wp-content\/uploads\/2024\/06\/DSCF7282-1024x683.jpg 1024w, https:\/\/www.kalbus.de\/wp-content\/uploads\/2024\/06\/DSCF7282-300x200.jpg 300w, https:\/\/www.kalbus.de\/wp-content\/uploads\/2024\/06\/DSCF7282-768x512.jpg 768w, https:\/\/www.kalbus.de\/wp-content\/uploads\/2024\/06\/DSCF7282-1536x1024.jpg 1536w, https:\/\/www.kalbus.de\/wp-content\/uploads\/2024\/06\/DSCF7282.jpg 1920w\" sizes=\"auto, (max-width: 1024px) 100vw, 1024px\" \/><\/figure>\n\n\n\n<p>Innerhalb k\u00fcrzester Zeit hat man das Gef\u00fchl im Gebirge zu sein, obwohl man &#8220;nur&#8221; auf 150m \u00fcber dem Meer ist.<\/p>\n\n\n\n<figure class=\"wp-block-image size-large\"><img loading=\"lazy\" decoding=\"async\" width=\"1024\" height=\"683\" src=\"https:\/\/www.kalbus.de\/wp-content\/uploads\/2024\/06\/DSCF7284-1024x683.jpg\" alt=\"\" class=\"wp-image-1826\" srcset=\"https:\/\/www.kalbus.de\/wp-content\/uploads\/2024\/06\/DSCF7284-1024x683.jpg 1024w, https:\/\/www.kalbus.de\/wp-content\/uploads\/2024\/06\/DSCF7284-300x200.jpg 300w, https:\/\/www.kalbus.de\/wp-content\/uploads\/2024\/06\/DSCF7284-768x512.jpg 768w, https:\/\/www.kalbus.de\/wp-content\/uploads\/2024\/06\/DSCF7284-1536x1024.jpg 1536w, https:\/\/www.kalbus.de\/wp-content\/uploads\/2024\/06\/DSCF7284.jpg 1920w\" sizes=\"auto, (max-width: 1024px) 100vw, 1024px\" \/><\/figure>\n\n\n\n<p>Da unten, das Blaue, das ist wieder ein Fjord und da drin ist eine Lachsfarm. Da kommen also die ganzen Lachse zum Essen her. Guter Lachs aus Norwegen. Und dann komme ich in Hus\u00f8y an. Eine Siedlung auf einer Insel, die durch eine Br\u00fccke mit dem Land verbunden ist. <\/p>\n\n\n\n<figure class=\"wp-block-image size-large\"><img loading=\"lazy\" decoding=\"async\" width=\"1024\" height=\"683\" src=\"https:\/\/www.kalbus.de\/wp-content\/uploads\/2024\/06\/DSCF7286-1024x683.jpg\" alt=\"\" class=\"wp-image-1827\" srcset=\"https:\/\/www.kalbus.de\/wp-content\/uploads\/2024\/06\/DSCF7286-1024x683.jpg 1024w, https:\/\/www.kalbus.de\/wp-content\/uploads\/2024\/06\/DSCF7286-300x200.jpg 300w, https:\/\/www.kalbus.de\/wp-content\/uploads\/2024\/06\/DSCF7286-768x512.jpg 768w, https:\/\/www.kalbus.de\/wp-content\/uploads\/2024\/06\/DSCF7286-1536x1024.jpg 1536w, https:\/\/www.kalbus.de\/wp-content\/uploads\/2024\/06\/DSCF7286.jpg 1920w\" sizes=\"auto, (max-width: 1024px) 100vw, 1024px\" \/><\/figure>\n\n\n\n<p>Und dann ist die Welt zu Ende und es geht die selbe Strecke zur\u00fcck und mein Auto darf sich erneut als Bergziege beweisen.<\/p>\n\n\n\n<figure class=\"wp-block-image size-large\"><img loading=\"lazy\" decoding=\"async\" width=\"683\" height=\"1024\" src=\"https:\/\/www.kalbus.de\/wp-content\/uploads\/2024\/06\/DSCF7289-683x1024.jpg\" alt=\"\" class=\"wp-image-1828\" srcset=\"https:\/\/www.kalbus.de\/wp-content\/uploads\/2024\/06\/DSCF7289-683x1024.jpg 683w, https:\/\/www.kalbus.de\/wp-content\/uploads\/2024\/06\/DSCF7289-200x300.jpg 200w, https:\/\/www.kalbus.de\/wp-content\/uploads\/2024\/06\/DSCF7289-768x1152.jpg 768w, https:\/\/www.kalbus.de\/wp-content\/uploads\/2024\/06\/DSCF7289-1024x1536.jpg 1024w, https:\/\/www.kalbus.de\/wp-content\/uploads\/2024\/06\/DSCF7289.jpg 1280w\" sizes=\"auto, (max-width: 683px) 100vw, 683px\" \/><\/figure>\n\n\n\n<p>Die Stra\u00dfe geht weiter, durch einen Tunnel und dann ist man schon beim n\u00e4chsten Fjord. Und die Aussicht ist wieder eine ganz andere. <\/p>\n\n\n\n<figure class=\"wp-block-image size-large\"><img loading=\"lazy\" decoding=\"async\" width=\"1024\" height=\"683\" src=\"https:\/\/www.kalbus.de\/wp-content\/uploads\/2024\/06\/DSCF7295-1024x683.jpg\" alt=\"\" class=\"wp-image-1829\" srcset=\"https:\/\/www.kalbus.de\/wp-content\/uploads\/2024\/06\/DSCF7295-1024x683.jpg 1024w, https:\/\/www.kalbus.de\/wp-content\/uploads\/2024\/06\/DSCF7295-300x200.jpg 300w, https:\/\/www.kalbus.de\/wp-content\/uploads\/2024\/06\/DSCF7295-768x512.jpg 768w, https:\/\/www.kalbus.de\/wp-content\/uploads\/2024\/06\/DSCF7295-1536x1024.jpg 1536w, https:\/\/www.kalbus.de\/wp-content\/uploads\/2024\/06\/DSCF7295.jpg 1920w\" sizes=\"auto, (max-width: 1024px) 100vw, 1024px\" \/><\/figure>\n\n\n\n<p>Ich gebe es ja zu &#8211; Berge, Wasser, Steine, Schnee, Stra\u00dfe in immer wieder neuen Kombinationen, aber immer wieder sch\u00f6n, beeindruckend und faszinierend. Auch spannend finde ich, dass an den Tunnels Warnlichter sind &#8211; Fahrradfahrer im Tunnel, die k\u00f6nnen die Radfahrer selber einschalten und aufmerksam machen. Das habe ich noch nirgendwo anders gesehen. <\/p>\n\n\n\n<figure class=\"wp-block-image size-large\"><img loading=\"lazy\" decoding=\"async\" width=\"1024\" height=\"683\" src=\"https:\/\/www.kalbus.de\/wp-content\/uploads\/2024\/06\/DSCF7302-1024x683.jpg\" alt=\"\" class=\"wp-image-1830\" srcset=\"https:\/\/www.kalbus.de\/wp-content\/uploads\/2024\/06\/DSCF7302-1024x683.jpg 1024w, https:\/\/www.kalbus.de\/wp-content\/uploads\/2024\/06\/DSCF7302-300x200.jpg 300w, https:\/\/www.kalbus.de\/wp-content\/uploads\/2024\/06\/DSCF7302-768x512.jpg 768w, https:\/\/www.kalbus.de\/wp-content\/uploads\/2024\/06\/DSCF7302-1536x1024.jpg 1536w, https:\/\/www.kalbus.de\/wp-content\/uploads\/2024\/06\/DSCF7302.jpg 1920w\" sizes=\"auto, (max-width: 1024px) 100vw, 1024px\" \/><\/figure>\n\n\n\n<p>An einer kleinen Parkbucht an der Stra\u00dfe <\/p>\n\n\n\n<figure class=\"wp-block-image size-large\"><img loading=\"lazy\" decoding=\"async\" width=\"1024\" height=\"230\" src=\"https:\/\/www.kalbus.de\/wp-content\/uploads\/2024\/06\/DSCF7305-1024x230.jpg\" alt=\"\" class=\"wp-image-1831\" srcset=\"https:\/\/www.kalbus.de\/wp-content\/uploads\/2024\/06\/DSCF7305-1024x230.jpg 1024w, https:\/\/www.kalbus.de\/wp-content\/uploads\/2024\/06\/DSCF7305-300x68.jpg 300w, https:\/\/www.kalbus.de\/wp-content\/uploads\/2024\/06\/DSCF7305-768x173.jpg 768w, https:\/\/www.kalbus.de\/wp-content\/uploads\/2024\/06\/DSCF7305-1536x346.jpg 1536w, https:\/\/www.kalbus.de\/wp-content\/uploads\/2024\/06\/DSCF7305-2048x461.jpg 2048w\" sizes=\"auto, (max-width: 1024px) 100vw, 1024px\" \/><\/figure>\n\n\n\n<p>und dann komme ich zum Tungeneset. Ein Aussichtspunkt und lands end mit Leuchtturm und einem sch\u00f6nen Rastplatz. Toilette, Stellpl\u00e4tze und sogar einem Grillplatz.<\/p>\n\n\n\n<figure class=\"wp-block-image size-large\"><img loading=\"lazy\" decoding=\"async\" width=\"683\" height=\"1024\" src=\"https:\/\/www.kalbus.de\/wp-content\/uploads\/2024\/06\/DSCF7314-683x1024.jpg\" alt=\"\" class=\"wp-image-1832\" srcset=\"https:\/\/www.kalbus.de\/wp-content\/uploads\/2024\/06\/DSCF7314-683x1024.jpg 683w, https:\/\/www.kalbus.de\/wp-content\/uploads\/2024\/06\/DSCF7314-200x300.jpg 200w, https:\/\/www.kalbus.de\/wp-content\/uploads\/2024\/06\/DSCF7314-768x1152.jpg 768w, https:\/\/www.kalbus.de\/wp-content\/uploads\/2024\/06\/DSCF7314-1024x1536.jpg 1024w, https:\/\/www.kalbus.de\/wp-content\/uploads\/2024\/06\/DSCF7314.jpg 1280w\" sizes=\"auto, (max-width: 683px) 100vw, 683px\" \/><\/figure>\n\n\n\n<p>Der Weg runter zu den Felsen am Meer mit einem Warnhinweis &#8211; Vorsicht gef\u00e4hrliche Wellen. <\/p>\n\n\n\n<figure class=\"wp-block-image size-large\"><img loading=\"lazy\" decoding=\"async\" width=\"683\" height=\"1024\" src=\"https:\/\/www.kalbus.de\/wp-content\/uploads\/2024\/06\/DSCF7315-683x1024.jpg\" alt=\"\" class=\"wp-image-1833\" srcset=\"https:\/\/www.kalbus.de\/wp-content\/uploads\/2024\/06\/DSCF7315-683x1024.jpg 683w, https:\/\/www.kalbus.de\/wp-content\/uploads\/2024\/06\/DSCF7315-200x300.jpg 200w, https:\/\/www.kalbus.de\/wp-content\/uploads\/2024\/06\/DSCF7315-768x1152.jpg 768w, https:\/\/www.kalbus.de\/wp-content\/uploads\/2024\/06\/DSCF7315-1024x1536.jpg 1024w, https:\/\/www.kalbus.de\/wp-content\/uploads\/2024\/06\/DSCF7315.jpg 1280w\" sizes=\"auto, (max-width: 683px) 100vw, 683px\" \/><\/figure>\n\n\n\n<p>und in alle Richtungen tolle Aussichten und ich wei\u00df gar nicht wohin zu erst schauen.<\/p>\n\n\n\n<figure class=\"wp-block-image size-large\"><img loading=\"lazy\" decoding=\"async\" width=\"1024\" height=\"683\" src=\"https:\/\/www.kalbus.de\/wp-content\/uploads\/2024\/06\/DSCF7316-1024x683.jpg\" alt=\"\" class=\"wp-image-1834\" srcset=\"https:\/\/www.kalbus.de\/wp-content\/uploads\/2024\/06\/DSCF7316-1024x683.jpg 1024w, https:\/\/www.kalbus.de\/wp-content\/uploads\/2024\/06\/DSCF7316-300x200.jpg 300w, https:\/\/www.kalbus.de\/wp-content\/uploads\/2024\/06\/DSCF7316-768x512.jpg 768w, https:\/\/www.kalbus.de\/wp-content\/uploads\/2024\/06\/DSCF7316-1536x1024.jpg 1536w, https:\/\/www.kalbus.de\/wp-content\/uploads\/2024\/06\/DSCF7316.jpg 1920w\" sizes=\"auto, (max-width: 1024px) 100vw, 1024px\" \/><\/figure>\n\n\n\n<p>Es sind nat\u00fcrlich au\u00dfer mir noch andere Menschen da, denn dieser Rastplatz ist bei den <a href=\"https:\/\/www.nasjonaleturistveger.no\/en\/routes\/senja\/\" data-type=\"link\" data-id=\"https:\/\/www.nasjonaleturistveger.no\/en\/routes\/senja\/\">Norway Scenic Route Senja<\/a> beschrieben. Und im Prinzip bin ich diese Strecke fast komplett gefahren, aber vor Gryllefjord musste ich links nach Botnhamn zu Fjordbotn Camping zur\u00fcckkehren.<\/p>\n\n\n\n<figure class=\"wp-block-image size-large\"><img loading=\"lazy\" decoding=\"async\" width=\"683\" height=\"1024\" src=\"https:\/\/www.kalbus.de\/wp-content\/uploads\/2024\/06\/DSCF7325-683x1024.jpg\" alt=\"\" class=\"wp-image-1835\" srcset=\"https:\/\/www.kalbus.de\/wp-content\/uploads\/2024\/06\/DSCF7325-683x1024.jpg 683w, https:\/\/www.kalbus.de\/wp-content\/uploads\/2024\/06\/DSCF7325-200x300.jpg 200w, https:\/\/www.kalbus.de\/wp-content\/uploads\/2024\/06\/DSCF7325-768x1152.jpg 768w, https:\/\/www.kalbus.de\/wp-content\/uploads\/2024\/06\/DSCF7325-1024x1536.jpg 1024w, https:\/\/www.kalbus.de\/wp-content\/uploads\/2024\/06\/DSCF7325.jpg 1280w\" sizes=\"auto, (max-width: 683px) 100vw, 683px\" \/><\/figure>\n\n\n\n<p>Aber vorher war ich noch an der Bergsbotn Aussichtsplattform und so wie beim letzten mal, hat sie nichts von ihrer Sch\u00f6nheit eingeb\u00fc\u00dft. Beeindruckend und wundersch\u00f6n.<\/p>\n\n\n\n<figure class=\"wp-block-image size-large\"><img loading=\"lazy\" decoding=\"async\" width=\"1024\" height=\"683\" src=\"https:\/\/www.kalbus.de\/wp-content\/uploads\/2024\/06\/DSCF7324-1024x683.jpg\" alt=\"\" class=\"wp-image-1836\" srcset=\"https:\/\/www.kalbus.de\/wp-content\/uploads\/2024\/06\/DSCF7324-1024x683.jpg 1024w, https:\/\/www.kalbus.de\/wp-content\/uploads\/2024\/06\/DSCF7324-300x200.jpg 300w, https:\/\/www.kalbus.de\/wp-content\/uploads\/2024\/06\/DSCF7324-768x512.jpg 768w, https:\/\/www.kalbus.de\/wp-content\/uploads\/2024\/06\/DSCF7324-1536x1024.jpg 1536w, https:\/\/www.kalbus.de\/wp-content\/uploads\/2024\/06\/DSCF7324.jpg 1920w\" sizes=\"auto, (max-width: 1024px) 100vw, 1024px\" \/><\/figure>\n\n\n\n<p>Bis ich dann wieder zur\u00fcck am Campingplatz war, bin ich mitten durch Senja gefahren. Mein Navi hat es gut mit mir gemeint und mich \u00fcber eine Schotterpiste gelotst, aber die war erstaunlich gut zu fahren. Fast noch besser als manche geteerte Stra\u00dfe mit Schlagl\u00f6chern. <\/p>\n\n\n\n<p>Morgen werde ich mich auf den Weg Richtung S\u00fcden nach Narvik machen. <\/p>\n","protected":false},"excerpt":{"rendered":"<p>Als ich 2019 hier war bin ich auf dem Weg von den Lofoten hier nur durch gefahren und war schon so beeindruckt von der Landschaft, dass ich unbedingt noch mal herkommen wollte. Gestern wurde es mit der F\u00e4hre etwas sp\u00e4ter und eigentlich w\u00fcrde ich noch gerne verl\u00e4ngern und da bleiben, andererseits sind es noch so &hellip; <a href=\"https:\/\/www.kalbus.de\/?p=1821\" class=\"more-link\"><span class=\"screen-reader-text\">Senja<\/span> weiterlesen<\/a><\/p>\n","protected":false},"author":2,"featured_media":0,"comment_status":"closed","ping_status":"closed","sticky":false,"template":"","format":"standard","meta":{"_jetpack_memberships_contains_paid_content":false,"footnotes":"","jetpack_publicize_message":"","jetpack_publicize_feature_enabled":true,"jetpack_social_post_already_shared":true,"jetpack_social_options":{"image_generator_settings":{"template":"highway","default_image_id":0,"font":"","enabled":false},"version":2}},"categories":[76,57],"tags":[59],"class_list":["post-1821","post","type-post","status-publish","format-standard","hentry","category-norwegen-2024","category-reisen","tag-norwegen"],"jetpack_publicize_connections":[],"jetpack_featured_media_url":"","jetpack_shortlink":"https:\/\/wp.me\/s2LFC5-senja","jetpack_sharing_enabled":true,"_links":{"self":[{"href":"https:\/\/www.kalbus.de\/index.php?rest_route=\/wp\/v2\/posts\/1821","targetHints":{"allow":["GET"]}}],"collection":[{"href":"https:\/\/www.kalbus.de\/index.php?rest_route=\/wp\/v2\/posts"}],"about":[{"href":"https:\/\/www.kalbus.de\/index.php?rest_route=\/wp\/v2\/types\/post"}],"author":[{"embeddable":true,"href":"https:\/\/www.kalbus.de\/index.php?rest_route=\/wp\/v2\/users\/2"}],"replies":[{"embeddable":true,"href":"https:\/\/www.kalbus.de\/index.php?rest_route=%2Fwp%2Fv2%2Fcomments&post=1821"}],"version-history":[{"count":1,"href":"https:\/\/www.kalbus.de\/index.php?rest_route=\/wp\/v2\/posts\/1821\/revisions"}],"predecessor-version":[{"id":1837,"href":"https:\/\/www.kalbus.de\/index.php?rest_route=\/wp\/v2\/posts\/1821\/revisions\/1837"}],"wp:attachment":[{"href":"https:\/\/www.kalbus.de\/index.php?rest_route=%2Fwp%2Fv2%2Fmedia&parent=1821"}],"wp:term":[{"taxonomy":"category","embeddable":true,"href":"https:\/\/www.kalbus.de\/index.php?rest_route=%2Fwp%2Fv2%2Fcategories&post=1821"},{"taxonomy":"post_tag","embeddable":true,"href":"https:\/\/www.kalbus.de\/index.php?rest_route=%2Fwp%2Fv2%2Ftags&post=1821"}],"curies":[{"name":"wp","href":"https:\/\/api.w.org\/{rel}","templated":true}]}}