{"id":1650,"date":"2024-05-31T20:17:22","date_gmt":"2024-05-31T18:17:22","guid":{"rendered":"https:\/\/www.kalbus.de\/?p=1650"},"modified":"2024-06-08T23:01:58","modified_gmt":"2024-06-08T21:01:58","slug":"schweden-erster-tag","status":"publish","type":"post","link":"https:\/\/www.kalbus.de\/?p=1650","title":{"rendered":"Schweden, erster Tag"},"content":{"rendered":"\n<p>Morgens 6:30 Uhr, der Wecker klingelt. Nein, ich muss nicht zur Arbeit, aber ich muss zur F\u00e4hre. Kaffee kochen, Z\u00e4hne Putzen, Br\u00f6tchen schmieren, Wohnwagen abfahrbereit machen. <\/p>\n\n\n\n<p>Vom Parkplatz zum \u00dcberseehafen in Rostock sind es ungef\u00e4hr 15 Minuten, wenn ich unter den Maut Tunnel unter der Warnow nehme. Selten genug dass es sowas in Deutschland gibt und sie nehmen sogar Apple Pay. Handy an das Bezahlterminal gehalten und die Schranke geht auf. <\/p>\n\n\n\n<p>Am Hafen war ich also schon mal. Und prompt biege ich in dem Gewirr aus Hinweisschildern falsch ab und lande beim LKW check in. So gro\u00df ist mein Auto dann doch nicht. Einmal quer durchs Gel\u00e4nde, ein paar Absperrungen umfahren, nicht um fahren und schon stehe ich richtig. Pre Check in hatte ich schon online erledigt, also musste ich am Hafen nur noch den Barcode, der per Mail gekommen war an das n\u00e4chste Terminal halten und die n\u00e4chste Schranke ging auf.<\/p>\n\n\n\n<p>Die \u00dcberfahrt geht los, sechs Stunden Sudoku spielen, denn am Meer und auch noch in Rostock war das Wetter ziemlich bew\u00f6lkt und diesig. Erst als wir uns Trelleborg n\u00e4herten wurde der Himmel blau.<\/p>\n\n\n\n<figure class=\"wp-block-image size-large\"><img loading=\"lazy\" decoding=\"async\" width=\"1024\" height=\"768\" src=\"https:\/\/www.kalbus.de\/wp-content\/uploads\/2024\/05\/IMG_2819-1024x768.jpeg\" alt=\"\" class=\"wp-image-1651\" srcset=\"https:\/\/www.kalbus.de\/wp-content\/uploads\/2024\/05\/IMG_2819-1024x768.jpeg 1024w, https:\/\/www.kalbus.de\/wp-content\/uploads\/2024\/05\/IMG_2819-300x225.jpeg 300w, https:\/\/www.kalbus.de\/wp-content\/uploads\/2024\/05\/IMG_2819-768x576.jpeg 768w, https:\/\/www.kalbus.de\/wp-content\/uploads\/2024\/05\/IMG_2819-1536x1152.jpeg 1536w, https:\/\/www.kalbus.de\/wp-content\/uploads\/2024\/05\/IMG_2819.jpeg 1920w\" sizes=\"auto, (max-width: 1024px) 100vw, 1024px\" \/><\/figure>\n\n\n\n<p>Ein Tr\u00e4umchen&#8230; <\/p>\n\n\n\n<p>Im Hafen ist noch ein ziemliches herumgekurve, weil gef\u00fchlt alles neu gemacht wird.<\/p>\n\n\n\n<figure class=\"wp-block-image size-large\"><img loading=\"lazy\" decoding=\"async\" width=\"683\" height=\"1024\" src=\"https:\/\/www.kalbus.de\/wp-content\/uploads\/2024\/05\/DSCF6642-683x1024.jpg\" alt=\"\" class=\"wp-image-1653\" srcset=\"https:\/\/www.kalbus.de\/wp-content\/uploads\/2024\/05\/DSCF6642-683x1024.jpg 683w, https:\/\/www.kalbus.de\/wp-content\/uploads\/2024\/05\/DSCF6642-200x300.jpg 200w, https:\/\/www.kalbus.de\/wp-content\/uploads\/2024\/05\/DSCF6642-768x1152.jpg 768w, https:\/\/www.kalbus.de\/wp-content\/uploads\/2024\/05\/DSCF6642-1024x1536.jpg 1024w, https:\/\/www.kalbus.de\/wp-content\/uploads\/2024\/05\/DSCF6642.jpg 1280w\" sizes=\"auto, (max-width: 683px) 100vw, 683px\" \/><\/figure>\n\n\n\n<p>Und dann runter von der F\u00e4hre, ganz entspannt in Schweden los gefahren und mit gem\u00e4chlichen 80 gefahren und niemand dr\u00e4ngelt oder nervt. Selbst die LKWs halten sich an das Tempolimit. <\/p>\n\n\n\n<figure class=\"wp-block-image size-large\"><img loading=\"lazy\" decoding=\"async\" width=\"1024\" height=\"683\" src=\"https:\/\/www.kalbus.de\/wp-content\/uploads\/2024\/05\/DSCF6643-1024x683.jpg\" alt=\"\" class=\"wp-image-1654\" srcset=\"https:\/\/www.kalbus.de\/wp-content\/uploads\/2024\/05\/DSCF6643-1024x683.jpg 1024w, https:\/\/www.kalbus.de\/wp-content\/uploads\/2024\/05\/DSCF6643-300x200.jpg 300w, https:\/\/www.kalbus.de\/wp-content\/uploads\/2024\/05\/DSCF6643-768x512.jpg 768w, https:\/\/www.kalbus.de\/wp-content\/uploads\/2024\/05\/DSCF6643-1536x1024.jpg 1536w, https:\/\/www.kalbus.de\/wp-content\/uploads\/2024\/05\/DSCF6643.jpg 1920w\" sizes=\"auto, (max-width: 1024px) 100vw, 1024px\" \/><\/figure>\n\n\n\n<p>Mal schauen wie weit ich heute noch fahre und wo ich mein Lager f\u00fcr die Nacht aufschlage. Sehr weit wird es nicht sein, denn die gestrige Autobahnfahrt war nicht ganz ohne.<\/p>\n\n\n\n<figure class=\"wp-block-image size-large\"><img loading=\"lazy\" decoding=\"async\" width=\"1024\" height=\"683\" src=\"https:\/\/www.kalbus.de\/wp-content\/uploads\/2024\/05\/DSCF6645-1024x683.jpg\" alt=\"\" class=\"wp-image-1652\" srcset=\"https:\/\/www.kalbus.de\/wp-content\/uploads\/2024\/05\/DSCF6645-1024x683.jpg 1024w, https:\/\/www.kalbus.de\/wp-content\/uploads\/2024\/05\/DSCF6645-300x200.jpg 300w, https:\/\/www.kalbus.de\/wp-content\/uploads\/2024\/05\/DSCF6645-768x512.jpg 768w, https:\/\/www.kalbus.de\/wp-content\/uploads\/2024\/05\/DSCF6645-1536x1024.jpg 1536w, https:\/\/www.kalbus.de\/wp-content\/uploads\/2024\/05\/DSCF6645.jpg 1920w\" sizes=\"auto, (max-width: 1024px) 100vw, 1024px\" \/><\/figure>\n\n\n\n<p><\/p>\n\n\n\n<p><\/p>\n","protected":false},"excerpt":{"rendered":"<p>Morgens 6:30 Uhr, der Wecker klingelt. Nein, ich muss nicht zur Arbeit, aber ich muss zur F\u00e4hre. Kaffee kochen, Z\u00e4hne Putzen, Br\u00f6tchen schmieren, Wohnwagen abfahrbereit machen. Vom Parkplatz zum \u00dcberseehafen in Rostock sind es ungef\u00e4hr 15 Minuten, wenn ich unter den Maut Tunnel unter der Warnow nehme. Selten genug dass es sowas in Deutschland gibt &hellip; <a href=\"https:\/\/www.kalbus.de\/?p=1650\" class=\"more-link\"><span class=\"screen-reader-text\">Schweden, erster Tag<\/span> weiterlesen<\/a><\/p>\n","protected":false},"author":2,"featured_media":0,"comment_status":"closed","ping_status":"closed","sticky":false,"template":"","format":"standard","meta":{"_jetpack_memberships_contains_paid_content":false,"footnotes":"","jetpack_publicize_message":"","jetpack_publicize_feature_enabled":true,"jetpack_social_post_already_shared":true,"jetpack_social_options":{"image_generator_settings":{"template":"highway","default_image_id":0,"font":"","enabled":false},"version":2}},"categories":[76,57],"tags":[64,60],"class_list":["post-1650","post","type-post","status-publish","format-standard","hentry","category-norwegen-2024","category-reisen","tag-ostsee","tag-schweden"],"jetpack_publicize_connections":[],"jetpack_featured_media_url":"","jetpack_shortlink":"https:\/\/wp.me\/p2LFC5-qC","jetpack_sharing_enabled":true,"_links":{"self":[{"href":"https:\/\/www.kalbus.de\/index.php?rest_route=\/wp\/v2\/posts\/1650","targetHints":{"allow":["GET"]}}],"collection":[{"href":"https:\/\/www.kalbus.de\/index.php?rest_route=\/wp\/v2\/posts"}],"about":[{"href":"https:\/\/www.kalbus.de\/index.php?rest_route=\/wp\/v2\/types\/post"}],"author":[{"embeddable":true,"href":"https:\/\/www.kalbus.de\/index.php?rest_route=\/wp\/v2\/users\/2"}],"replies":[{"embeddable":true,"href":"https:\/\/www.kalbus.de\/index.php?rest_route=%2Fwp%2Fv2%2Fcomments&post=1650"}],"version-history":[{"count":1,"href":"https:\/\/www.kalbus.de\/index.php?rest_route=\/wp\/v2\/posts\/1650\/revisions"}],"predecessor-version":[{"id":1655,"href":"https:\/\/www.kalbus.de\/index.php?rest_route=\/wp\/v2\/posts\/1650\/revisions\/1655"}],"wp:attachment":[{"href":"https:\/\/www.kalbus.de\/index.php?rest_route=%2Fwp%2Fv2%2Fmedia&parent=1650"}],"wp:term":[{"taxonomy":"category","embeddable":true,"href":"https:\/\/www.kalbus.de\/index.php?rest_route=%2Fwp%2Fv2%2Fcategories&post=1650"},{"taxonomy":"post_tag","embeddable":true,"href":"https:\/\/www.kalbus.de\/index.php?rest_route=%2Fwp%2Fv2%2Ftags&post=1650"}],"curies":[{"name":"wp","href":"https:\/\/api.w.org\/{rel}","templated":true}]}}