{"id":1094,"date":"2022-08-19T21:34:00","date_gmt":"2022-08-19T19:34:00","guid":{"rendered":"https:\/\/www.kalbus.de\/?p=1094"},"modified":"2022-08-23T22:12:33","modified_gmt":"2022-08-23T20:12:33","slug":"rueckreise","status":"publish","type":"post","link":"https:\/\/www.kalbus.de\/?p=1094","title":{"rendered":"R\u00fcckreise"},"content":{"rendered":"\n<p>So ist das, wenn der Urlaub zu Ende geht. Doch diesmal hatte ich es etwas anders geplant. Die F\u00e4hre war erst um 18 Uhr gebucht, so dass ich noch den ganzen Freitag hatte. Ich konnte in aller Ruhe am Campingplatz abbauen und zusammenr\u00e4umen. Den Platz musste ich schlie\u00dflich auch erst gegen 13 Uhr verlassen.<\/p>\n\n\n\n<figure class=\"wp-block-image size-large\"><img loading=\"lazy\" decoding=\"async\" width=\"1024\" height=\"683\" src=\"https:\/\/www.kalbus.de\/wp-content\/uploads\/2022\/08\/DSCF9448-1024x683.jpg\" alt=\"\" class=\"wp-image-1095\" srcset=\"https:\/\/www.kalbus.de\/wp-content\/uploads\/2022\/08\/DSCF9448-1024x683.jpg 1024w, https:\/\/www.kalbus.de\/wp-content\/uploads\/2022\/08\/DSCF9448-300x200.jpg 300w, https:\/\/www.kalbus.de\/wp-content\/uploads\/2022\/08\/DSCF9448-768x512.jpg 768w, https:\/\/www.kalbus.de\/wp-content\/uploads\/2022\/08\/DSCF9448-1536x1024.jpg 1536w, https:\/\/www.kalbus.de\/wp-content\/uploads\/2022\/08\/DSCF9448.jpg 1800w\" sizes=\"auto, (max-width: 1024px) 100vw, 1024px\" \/><\/figure>\n\n\n\n<p>Erst habe ich noch \u00fcberlegt, ob ich noch an den Strand gehe, aber das Wetter war so, wie der Wetterbericht es vorausgesagt hatte, n\u00e4mlich nicht mehr sonnig, sondern regnerisch. Also habe ich mich auf den Weg zur F\u00e4hre gemacht und hatte noch so viel Zeit. Von M\u00f8n nach Gedser sind es selbst mit H\u00e4nger h\u00f6chstens zwei Stunden Fahrt. An der Strecke entlang war dann eine Werbetafel f\u00fcr den &#8220;Krokodilzoo&#8221; &#8211; warum also nicht.<\/p>\n\n\n\n<figure class=\"wp-block-image size-large\"><img loading=\"lazy\" decoding=\"async\" width=\"1024\" height=\"683\" src=\"https:\/\/www.kalbus.de\/wp-content\/uploads\/2022\/08\/DSCF9472-1024x683.jpg\" alt=\"\" class=\"wp-image-1096\" srcset=\"https:\/\/www.kalbus.de\/wp-content\/uploads\/2022\/08\/DSCF9472-1024x683.jpg 1024w, https:\/\/www.kalbus.de\/wp-content\/uploads\/2022\/08\/DSCF9472-300x200.jpg 300w, https:\/\/www.kalbus.de\/wp-content\/uploads\/2022\/08\/DSCF9472-768x512.jpg 768w, https:\/\/www.kalbus.de\/wp-content\/uploads\/2022\/08\/DSCF9472-1536x1024.jpg 1536w, https:\/\/www.kalbus.de\/wp-content\/uploads\/2022\/08\/DSCF9472.jpg 1800w\" sizes=\"auto, (max-width: 1024px) 100vw, 1024px\" \/><\/figure>\n\n\n\n<p>Es ist ein kleiner privater Zoo der nach eigenen Angaben alle Arten von Krokodilen hat, die es weltweit gibt. Au\u00dfer hier gibt es das nur noch einmal in Florida. Nun gut, Florida ist deutlich w\u00e4rmer als D\u00e4nemark und so sind die Krokodile alle drinnen untergebracht. Nur einige wenige Tiere sind im Freien untergebracht.<\/p>\n\n\n\n<figure class=\"wp-block-image size-large\"><img loading=\"lazy\" decoding=\"async\" width=\"1024\" height=\"683\" src=\"https:\/\/www.kalbus.de\/wp-content\/uploads\/2022\/08\/DSCF9455-1024x683.jpg\" alt=\"\" class=\"wp-image-1097\" srcset=\"https:\/\/www.kalbus.de\/wp-content\/uploads\/2022\/08\/DSCF9455-1024x683.jpg 1024w, https:\/\/www.kalbus.de\/wp-content\/uploads\/2022\/08\/DSCF9455-300x200.jpg 300w, https:\/\/www.kalbus.de\/wp-content\/uploads\/2022\/08\/DSCF9455-768x512.jpg 768w, https:\/\/www.kalbus.de\/wp-content\/uploads\/2022\/08\/DSCF9455-1536x1024.jpg 1536w, https:\/\/www.kalbus.de\/wp-content\/uploads\/2022\/08\/DSCF9455.jpg 1800w\" sizes=\"auto, (max-width: 1024px) 100vw, 1024px\" \/><\/figure>\n\n\n\n<p>Aber drinnen sind tropische Temperaturen und Luftfeuchtigkeit. Den Krokodilen gef\u00e4llt es, mir war es fast ein wenig zu warm.<\/p>\n\n\n\n<figure class=\"wp-block-image size-large\"><img loading=\"lazy\" decoding=\"async\" width=\"683\" height=\"1024\" src=\"https:\/\/www.kalbus.de\/wp-content\/uploads\/2022\/08\/DSCF9509-683x1024.jpg\" alt=\"\" class=\"wp-image-1098\" srcset=\"https:\/\/www.kalbus.de\/wp-content\/uploads\/2022\/08\/DSCF9509-683x1024.jpg 683w, https:\/\/www.kalbus.de\/wp-content\/uploads\/2022\/08\/DSCF9509-200x300.jpg 200w, https:\/\/www.kalbus.de\/wp-content\/uploads\/2022\/08\/DSCF9509-768x1152.jpg 768w, https:\/\/www.kalbus.de\/wp-content\/uploads\/2022\/08\/DSCF9509-1024x1536.jpg 1024w, https:\/\/www.kalbus.de\/wp-content\/uploads\/2022\/08\/DSCF9509-rotated.jpg 1200w\" sizes=\"auto, (max-width: 683px) 100vw, 683px\" \/><\/figure>\n\n\n\n<p>Auch Nilkrokodile sind da &#8211; also die &#8220;heiligen Krokodile der Kleopatra&#8221;<\/p>\n\n\n\n<figure class=\"wp-block-image size-large\"><img loading=\"lazy\" decoding=\"async\" width=\"1024\" height=\"683\" src=\"https:\/\/www.kalbus.de\/wp-content\/uploads\/2022\/08\/DSCF9480-1024x683.jpg\" alt=\"\" class=\"wp-image-1099\" srcset=\"https:\/\/www.kalbus.de\/wp-content\/uploads\/2022\/08\/DSCF9480-1024x683.jpg 1024w, https:\/\/www.kalbus.de\/wp-content\/uploads\/2022\/08\/DSCF9480-300x200.jpg 300w, https:\/\/www.kalbus.de\/wp-content\/uploads\/2022\/08\/DSCF9480-768x512.jpg 768w, https:\/\/www.kalbus.de\/wp-content\/uploads\/2022\/08\/DSCF9480-1536x1024.jpg 1536w, https:\/\/www.kalbus.de\/wp-content\/uploads\/2022\/08\/DSCF9480.jpg 1800w\" sizes=\"auto, (max-width: 1024px) 100vw, 1024px\" \/><\/figure>\n\n\n\n<p>Ein klein wenig Dschungelfeeling kam dabei schon auf.<\/p>\n\n\n\n<figure class=\"wp-block-image size-large\"><img loading=\"lazy\" decoding=\"async\" width=\"683\" height=\"1024\" src=\"https:\/\/www.kalbus.de\/wp-content\/uploads\/2022\/08\/DSCF9526-683x1024.jpg\" alt=\"\" class=\"wp-image-1100\" srcset=\"https:\/\/www.kalbus.de\/wp-content\/uploads\/2022\/08\/DSCF9526-683x1024.jpg 683w, https:\/\/www.kalbus.de\/wp-content\/uploads\/2022\/08\/DSCF9526-200x300.jpg 200w, https:\/\/www.kalbus.de\/wp-content\/uploads\/2022\/08\/DSCF9526-768x1152.jpg 768w, https:\/\/www.kalbus.de\/wp-content\/uploads\/2022\/08\/DSCF9526-1024x1536.jpg 1024w, https:\/\/www.kalbus.de\/wp-content\/uploads\/2022\/08\/DSCF9526-rotated.jpg 1200w\" sizes=\"auto, (max-width: 683px) 100vw, 683px\" \/><\/figure>\n\n\n\n<p>Neben den Krokodilen, gab es auch andere Bewohner, die ziemlich frei durchs Gel\u00e4nde laufen. <\/p>\n\n\n\n<figure class=\"wp-block-image size-large\"><img loading=\"lazy\" decoding=\"async\" width=\"1024\" height=\"683\" src=\"https:\/\/www.kalbus.de\/wp-content\/uploads\/2022\/08\/DSCF9571-1024x683.jpg\" alt=\"\" class=\"wp-image-1101\" srcset=\"https:\/\/www.kalbus.de\/wp-content\/uploads\/2022\/08\/DSCF9571-1024x683.jpg 1024w, https:\/\/www.kalbus.de\/wp-content\/uploads\/2022\/08\/DSCF9571-300x200.jpg 300w, https:\/\/www.kalbus.de\/wp-content\/uploads\/2022\/08\/DSCF9571-768x512.jpg 768w, https:\/\/www.kalbus.de\/wp-content\/uploads\/2022\/08\/DSCF9571-1536x1024.jpg 1536w, https:\/\/www.kalbus.de\/wp-content\/uploads\/2022\/08\/DSCF9571.jpg 1800w\" sizes=\"auto, (max-width: 1024px) 100vw, 1024px\" \/><\/figure>\n\n\n\n<p>Highlight war die F\u00fctterung der Krokodile. Mit einer sehr langen Pinzette, denn sonst w\u00e4re die Hand weg gewesen. Insgesamt ein sehr interessanter kleiner Zoo oder auch Aufzuchtstation f\u00fcr die gef\u00e4hrdetsten Krokodilarten.<\/p>\n\n\n\n<figure class=\"wp-block-image size-large\"><img loading=\"lazy\" decoding=\"async\" width=\"1024\" height=\"683\" src=\"https:\/\/www.kalbus.de\/wp-content\/uploads\/2022\/08\/DSCF9602-1024x683.jpg\" alt=\"\" class=\"wp-image-1102\" srcset=\"https:\/\/www.kalbus.de\/wp-content\/uploads\/2022\/08\/DSCF9602-1024x683.jpg 1024w, https:\/\/www.kalbus.de\/wp-content\/uploads\/2022\/08\/DSCF9602-300x200.jpg 300w, https:\/\/www.kalbus.de\/wp-content\/uploads\/2022\/08\/DSCF9602-768x512.jpg 768w, https:\/\/www.kalbus.de\/wp-content\/uploads\/2022\/08\/DSCF9602-1536x1024.jpg 1536w, https:\/\/www.kalbus.de\/wp-content\/uploads\/2022\/08\/DSCF9602.jpg 1800w\" sizes=\"auto, (max-width: 1024px) 100vw, 1024px\" \/><\/figure>\n\n\n\n<p>Aber dann bin ich weiter, denn so allm\u00e4hlich musste ich dann doch zur F\u00e4hre. Die letzten Kilometer in D\u00e4nemark waren dann recht schnell vorbei und ich stand im F\u00e4hrhafen und war dennoch zu fr\u00fch da. Also noch einmal warten, bis die F\u00e4hre anlegt, die Autos entladen sind und wir auf die F\u00e4hre d\u00fcrfen.<\/p>\n\n\n\n<p>Die zwei Stunden \u00dcberfahrt wollte ich nicht im Shop oder Imbiss oder oben an Deck verbringen und mir den Wind um die Nase wehen lassen. Statt dessen bin ich ins Restaurant, habe zum Abendessen am B\u00fcffet satt gegessen, noch einen Kaffee getrunken und schwuppdiwupp waren wir auch schon fast in Rostock.<\/p>\n\n\n\n<figure class=\"wp-block-image size-large\"><img loading=\"lazy\" decoding=\"async\" width=\"1024\" height=\"768\" src=\"https:\/\/www.kalbus.de\/wp-content\/uploads\/2022\/08\/PXL_20220819_174637446.MP_2-1024x768.jpg\" alt=\"\" class=\"wp-image-1103\" srcset=\"https:\/\/www.kalbus.de\/wp-content\/uploads\/2022\/08\/PXL_20220819_174637446.MP_2-1024x768.jpg 1024w, https:\/\/www.kalbus.de\/wp-content\/uploads\/2022\/08\/PXL_20220819_174637446.MP_2-300x225.jpg 300w, https:\/\/www.kalbus.de\/wp-content\/uploads\/2022\/08\/PXL_20220819_174637446.MP_2-768x576.jpg 768w, https:\/\/www.kalbus.de\/wp-content\/uploads\/2022\/08\/PXL_20220819_174637446.MP_2-1536x1152.jpg 1536w, https:\/\/www.kalbus.de\/wp-content\/uploads\/2022\/08\/PXL_20220819_174637446.MP_2-2048x1536.jpg 2048w\" sizes=\"auto, (max-width: 1024px) 100vw, 1024px\" \/><\/figure>\n\n\n\n<p>Die Einfahrt bei Warnem\u00fcnde. Das Wetter war grau in grau und es war schon kurz nach acht Uhr. Deswegen habe ich mich mit meinem Wohnwagen wieder auf dem Parkplatz in der N\u00e4he von Rostock hingestellt, um noch einmal in Ruhe zu schlafen und dann am Samstag Morgen entspannt nach Hause zu fahren. <\/p>\n\n\n\n<figure class=\"wp-block-image size-large\"><img loading=\"lazy\" decoding=\"async\" width=\"1024\" height=\"768\" src=\"https:\/\/www.kalbus.de\/wp-content\/uploads\/2022\/08\/PXL_20220819_190008780-1024x768.jpg\" alt=\"\" class=\"wp-image-1104\" srcset=\"https:\/\/www.kalbus.de\/wp-content\/uploads\/2022\/08\/PXL_20220819_190008780-1024x768.jpg 1024w, https:\/\/www.kalbus.de\/wp-content\/uploads\/2022\/08\/PXL_20220819_190008780-300x225.jpg 300w, https:\/\/www.kalbus.de\/wp-content\/uploads\/2022\/08\/PXL_20220819_190008780-768x576.jpg 768w, https:\/\/www.kalbus.de\/wp-content\/uploads\/2022\/08\/PXL_20220819_190008780-1536x1152.jpg 1536w, https:\/\/www.kalbus.de\/wp-content\/uploads\/2022\/08\/PXL_20220819_190008780-2048x1536.jpg 2048w\" sizes=\"auto, (max-width: 1024px) 100vw, 1024px\" \/><\/figure>\n\n\n\n<p>Die etwas mehr als 600 km zur\u00fcck waren dann nicht sehr aufregend. Autobahnen in Deutschland sind nur dann nervenaufreibend, wenn man sich an der Raserei beteiligt, aber das ist mit Wohnwagen am Haken eher nicht so m\u00f6glich. Abends gegen 19 Uhr war ich zuhause und der Urlaub war zu Ende. F\u00fcr die \u00fcblichen Nacharbeiten &#8211; ausr\u00e4umen des Wohnwagen, putzen, waschen &#8211; hatte ich dann noch den Sonntag und am Montag ging es dann wieder mit der Arbeit los. <\/p>\n\n\n\n<p>Planungen f\u00fcr den n\u00e4chsten Urlaub laufen nat\u00fcrlich schon wieder&#8230;<\/p>\n","protected":false},"excerpt":{"rendered":"<p>So ist das, wenn der Urlaub zu Ende geht. Doch diesmal hatte ich es etwas anders geplant. Die F\u00e4hre war erst um 18 Uhr gebucht, so dass ich noch den ganzen Freitag hatte. Ich konnte in aller Ruhe am Campingplatz abbauen und zusammenr\u00e4umen. Den Platz musste ich schlie\u00dflich auch erst gegen 13 Uhr verlassen. Erst &hellip; <a href=\"https:\/\/www.kalbus.de\/?p=1094\" class=\"more-link\"><span class=\"screen-reader-text\">R\u00fcckreise<\/span> weiterlesen<\/a><\/p>\n","protected":false},"author":1,"featured_media":0,"comment_status":"closed","ping_status":"closed","sticky":false,"template":"","format":"standard","meta":{"_jetpack_memberships_contains_paid_content":false,"footnotes":"","jetpack_publicize_message":"","jetpack_publicize_feature_enabled":true,"jetpack_social_post_already_shared":true,"jetpack_social_options":{"image_generator_settings":{"template":"highway","default_image_id":0,"font":"","enabled":false},"version":2}},"categories":[1,71,57],"tags":[72],"class_list":["post-1094","post","type-post","status-publish","format-standard","hentry","category-allgemein","category-daenemark-2022","category-reisen","tag-daenemark-2022"],"jetpack_publicize_connections":[],"jetpack_featured_media_url":"","jetpack_shortlink":"https:\/\/wp.me\/p2LFC5-hE","jetpack_sharing_enabled":true,"_links":{"self":[{"href":"https:\/\/www.kalbus.de\/index.php?rest_route=\/wp\/v2\/posts\/1094","targetHints":{"allow":["GET"]}}],"collection":[{"href":"https:\/\/www.kalbus.de\/index.php?rest_route=\/wp\/v2\/posts"}],"about":[{"href":"https:\/\/www.kalbus.de\/index.php?rest_route=\/wp\/v2\/types\/post"}],"author":[{"embeddable":true,"href":"https:\/\/www.kalbus.de\/index.php?rest_route=\/wp\/v2\/users\/1"}],"replies":[{"embeddable":true,"href":"https:\/\/www.kalbus.de\/index.php?rest_route=%2Fwp%2Fv2%2Fcomments&post=1094"}],"version-history":[{"count":1,"href":"https:\/\/www.kalbus.de\/index.php?rest_route=\/wp\/v2\/posts\/1094\/revisions"}],"predecessor-version":[{"id":1105,"href":"https:\/\/www.kalbus.de\/index.php?rest_route=\/wp\/v2\/posts\/1094\/revisions\/1105"}],"wp:attachment":[{"href":"https:\/\/www.kalbus.de\/index.php?rest_route=%2Fwp%2Fv2%2Fmedia&parent=1094"}],"wp:term":[{"taxonomy":"category","embeddable":true,"href":"https:\/\/www.kalbus.de\/index.php?rest_route=%2Fwp%2Fv2%2Fcategories&post=1094"},{"taxonomy":"post_tag","embeddable":true,"href":"https:\/\/www.kalbus.de\/index.php?rest_route=%2Fwp%2Fv2%2Ftags&post=1094"}],"curies":[{"name":"wp","href":"https:\/\/api.w.org\/{rel}","templated":true}]}}