{"id":1070,"date":"2022-08-16T20:14:54","date_gmt":"2022-08-16T18:14:54","guid":{"rendered":"https:\/\/www.kalbus.de\/?p=1070"},"modified":"2022-08-21T16:55:43","modified_gmt":"2022-08-21T14:55:43","slug":"mons-klint","status":"publish","type":"post","link":"https:\/\/www.kalbus.de\/?p=1070","title":{"rendered":"M\u00f8ns Klint"},"content":{"rendered":"\n<p>so hei\u00dfen die Kreidefelsen hier. Die Klippen von M\u00f8n und eine der Natursehensw\u00fcrdigkeiten in D\u00e4nemark. Wer schon einmal auf R\u00fcgen war, dem wird das hier sehr bekannt vorkommen. Sind doch diese Kreidefelsen und die auf R\u00fcgen geologisch aus der selben Zeit. Sie sind hier jedoch etwas gr\u00f6\u00dfer und sch\u00f6ner &#8211; oder liegt das nur daran, dass ich die Kreidefelsen auf R\u00fcgen im Regen erlebt habe? <\/p>\n\n\n\n<figure class=\"wp-block-image size-large\"><img loading=\"lazy\" decoding=\"async\" width=\"1024\" height=\"683\" src=\"https:\/\/www.kalbus.de\/wp-content\/uploads\/2022\/08\/DSCF9332-1024x683.jpg\" alt=\"\" class=\"wp-image-1071\" srcset=\"https:\/\/www.kalbus.de\/wp-content\/uploads\/2022\/08\/DSCF9332-1024x683.jpg 1024w, https:\/\/www.kalbus.de\/wp-content\/uploads\/2022\/08\/DSCF9332-300x200.jpg 300w, https:\/\/www.kalbus.de\/wp-content\/uploads\/2022\/08\/DSCF9332-768x512.jpg 768w, https:\/\/www.kalbus.de\/wp-content\/uploads\/2022\/08\/DSCF9332-1536x1024.jpg 1536w, https:\/\/www.kalbus.de\/wp-content\/uploads\/2022\/08\/DSCF9332.jpg 1800w\" sizes=\"auto, (max-width: 1024px) 100vw, 1024px\" \/><\/figure>\n\n\n\n<p>An den Klippen angekommen, gibt es ein Besucherzentrum, dass die Geologie der Klippen erkl\u00e4rt und f\u00fcr Kinder gibt es nat\u00fcrlich Dinos &#8211; war ja zu der Zeit. Ich bin aber gleich weiter und erst mal etliche Stufen nach oben, um dann den Weg entlang des Randes zu gehen&#8230;<\/p>\n\n\n\n<figure class=\"wp-block-image size-large\"><img loading=\"lazy\" decoding=\"async\" width=\"1024\" height=\"683\" src=\"https:\/\/www.kalbus.de\/wp-content\/uploads\/2022\/08\/DSCF9330-1024x683.jpg\" alt=\"\" class=\"wp-image-1072\" srcset=\"https:\/\/www.kalbus.de\/wp-content\/uploads\/2022\/08\/DSCF9330-1024x683.jpg 1024w, https:\/\/www.kalbus.de\/wp-content\/uploads\/2022\/08\/DSCF9330-300x200.jpg 300w, https:\/\/www.kalbus.de\/wp-content\/uploads\/2022\/08\/DSCF9330-768x512.jpg 768w, https:\/\/www.kalbus.de\/wp-content\/uploads\/2022\/08\/DSCF9330-1536x1024.jpg 1536w, https:\/\/www.kalbus.de\/wp-content\/uploads\/2022\/08\/DSCF9330.jpg 1800w\" sizes=\"auto, (max-width: 1024px) 100vw, 1024px\" \/><\/figure>\n\n\n\n<p>&#8230; beschattet von einem wundersch\u00f6nen Wald von gro\u00dfen Buchen. Auch eine \u00c4hnlichkeit zu R\u00fcgen.  Allerdings sind hier die Klippen deutlich h\u00f6her und die Menschen die am Strand entlang laufen sind von hier oben winzig.<\/p>\n\n\n\n<figure class=\"wp-block-image size-large\"><img loading=\"lazy\" decoding=\"async\" width=\"683\" height=\"1024\" src=\"https:\/\/www.kalbus.de\/wp-content\/uploads\/2022\/08\/DSCF9356-683x1024.jpg\" alt=\"\" class=\"wp-image-1073\" srcset=\"https:\/\/www.kalbus.de\/wp-content\/uploads\/2022\/08\/DSCF9356-683x1024.jpg 683w, https:\/\/www.kalbus.de\/wp-content\/uploads\/2022\/08\/DSCF9356-200x300.jpg 200w, https:\/\/www.kalbus.de\/wp-content\/uploads\/2022\/08\/DSCF9356-768x1152.jpg 768w, https:\/\/www.kalbus.de\/wp-content\/uploads\/2022\/08\/DSCF9356-1024x1536.jpg 1024w, https:\/\/www.kalbus.de\/wp-content\/uploads\/2022\/08\/DSCF9356-rotated.jpg 1200w\" sizes=\"auto, (max-width: 683px) 100vw, 683px\" \/><\/figure>\n\n\n\n<p>Von Aussichtspunkt zu Aussichtspunkt geht es weiter und jedesmal ist die Aussicht ein bisschen spektakul\u00e4rer und beeindruckender.<\/p>\n\n\n\n<figure class=\"wp-block-image size-large\"><img loading=\"lazy\" decoding=\"async\" width=\"683\" height=\"1024\" src=\"https:\/\/www.kalbus.de\/wp-content\/uploads\/2022\/08\/DSCF9348-683x1024.jpg\" alt=\"\" class=\"wp-image-1074\" srcset=\"https:\/\/www.kalbus.de\/wp-content\/uploads\/2022\/08\/DSCF9348-683x1024.jpg 683w, https:\/\/www.kalbus.de\/wp-content\/uploads\/2022\/08\/DSCF9348-200x300.jpg 200w, https:\/\/www.kalbus.de\/wp-content\/uploads\/2022\/08\/DSCF9348-768x1152.jpg 768w, https:\/\/www.kalbus.de\/wp-content\/uploads\/2022\/08\/DSCF9348-1024x1536.jpg 1024w, https:\/\/www.kalbus.de\/wp-content\/uploads\/2022\/08\/DSCF9348-rotated.jpg 1200w\" sizes=\"auto, (max-width: 683px) 100vw, 683px\" \/><\/figure>\n\n\n\n<p>Dann wieder ein Blick aus dem Schatten heraus aufs Meer. In der Ferne konnte man im Dunst einen Windpark mit vielen Windr\u00e4dern erahnen.<\/p>\n\n\n\n<figure class=\"wp-block-image size-large\"><img loading=\"lazy\" decoding=\"async\" width=\"683\" height=\"1024\" src=\"https:\/\/www.kalbus.de\/wp-content\/uploads\/2022\/08\/DSCF9358-683x1024.jpg\" alt=\"\" class=\"wp-image-1075\" srcset=\"https:\/\/www.kalbus.de\/wp-content\/uploads\/2022\/08\/DSCF9358-683x1024.jpg 683w, https:\/\/www.kalbus.de\/wp-content\/uploads\/2022\/08\/DSCF9358-200x300.jpg 200w, https:\/\/www.kalbus.de\/wp-content\/uploads\/2022\/08\/DSCF9358-768x1152.jpg 768w, https:\/\/www.kalbus.de\/wp-content\/uploads\/2022\/08\/DSCF9358-1024x1536.jpg 1024w, https:\/\/www.kalbus.de\/wp-content\/uploads\/2022\/08\/DSCF9358-rotated.jpg 1200w\" sizes=\"auto, (max-width: 683px) 100vw, 683px\" \/><\/figure>\n\n\n\n<p>An einem Aussichtspunkt konnte ich mich nicht wirklich losrei\u00dfen&#8230;<\/p>\n\n\n\n<figure class=\"wp-block-image size-large\"><img loading=\"lazy\" decoding=\"async\" width=\"1024\" height=\"683\" src=\"https:\/\/www.kalbus.de\/wp-content\/uploads\/2022\/08\/DSCF9368-1024x683.jpg\" alt=\"\" class=\"wp-image-1076\" srcset=\"https:\/\/www.kalbus.de\/wp-content\/uploads\/2022\/08\/DSCF9368-1024x683.jpg 1024w, https:\/\/www.kalbus.de\/wp-content\/uploads\/2022\/08\/DSCF9368-300x200.jpg 300w, https:\/\/www.kalbus.de\/wp-content\/uploads\/2022\/08\/DSCF9368-768x512.jpg 768w, https:\/\/www.kalbus.de\/wp-content\/uploads\/2022\/08\/DSCF9368-1536x1024.jpg 1536w, https:\/\/www.kalbus.de\/wp-content\/uploads\/2022\/08\/DSCF9368.jpg 1800w\" sizes=\"auto, (max-width: 1024px) 100vw, 1024px\" \/><\/figure>\n\n\n\n<figure class=\"wp-block-image size-large\"><img loading=\"lazy\" decoding=\"async\" width=\"683\" height=\"1024\" src=\"https:\/\/www.kalbus.de\/wp-content\/uploads\/2022\/08\/DSCF9374-683x1024.jpg\" alt=\"\" class=\"wp-image-1077\" srcset=\"https:\/\/www.kalbus.de\/wp-content\/uploads\/2022\/08\/DSCF9374-683x1024.jpg 683w, https:\/\/www.kalbus.de\/wp-content\/uploads\/2022\/08\/DSCF9374-200x300.jpg 200w, https:\/\/www.kalbus.de\/wp-content\/uploads\/2022\/08\/DSCF9374-768x1152.jpg 768w, https:\/\/www.kalbus.de\/wp-content\/uploads\/2022\/08\/DSCF9374-1024x1536.jpg 1024w, https:\/\/www.kalbus.de\/wp-content\/uploads\/2022\/08\/DSCF9374-rotated.jpg 1200w\" sizes=\"auto, (max-width: 683px) 100vw, 683px\" \/><\/figure>\n\n\n\n<p>Dieser eine Baum h\u00e4lt sich mit seinen Wurzeln noch fest, ist aber schon so schief, dass es nur eine Frage der Zeit ist, bis er nachgibt und in die Tiefe st\u00fcrzt, aber jetzt bietet er einen tollen Anblick.<\/p>\n\n\n\n<figure class=\"wp-block-image size-large\"><img loading=\"lazy\" decoding=\"async\" width=\"1024\" height=\"683\" src=\"https:\/\/www.kalbus.de\/wp-content\/uploads\/2022\/08\/DSCF9380-1024x683.jpg\" alt=\"\" class=\"wp-image-1078\" srcset=\"https:\/\/www.kalbus.de\/wp-content\/uploads\/2022\/08\/DSCF9380-1024x683.jpg 1024w, https:\/\/www.kalbus.de\/wp-content\/uploads\/2022\/08\/DSCF9380-300x200.jpg 300w, https:\/\/www.kalbus.de\/wp-content\/uploads\/2022\/08\/DSCF9380-768x512.jpg 768w, https:\/\/www.kalbus.de\/wp-content\/uploads\/2022\/08\/DSCF9380-1536x1024.jpg 1536w, https:\/\/www.kalbus.de\/wp-content\/uploads\/2022\/08\/DSCF9380.jpg 1800w\" sizes=\"auto, (max-width: 1024px) 100vw, 1024px\" \/><\/figure>\n\n\n\n<p>Kreidefelsen sind eben nicht f\u00fcr die Ewigkeit gemacht, denn Wind und Wetter nagen an dem weichen Stein und formen und ver\u00e4ndern ihn. Alte Gem\u00e4lde zeigen ein ganz anderes Bild und wenn ich in ein paar Jahren wieder hierherkomme, wird es vermutlich auch ganz anders ausschauen.<\/p>\n\n\n\n<figure class=\"wp-block-image size-large\"><img loading=\"lazy\" decoding=\"async\" width=\"1024\" height=\"683\" src=\"https:\/\/www.kalbus.de\/wp-content\/uploads\/2022\/08\/DSCF9396-1024x683.jpg\" alt=\"\" class=\"wp-image-1079\" srcset=\"https:\/\/www.kalbus.de\/wp-content\/uploads\/2022\/08\/DSCF9396-1024x683.jpg 1024w, https:\/\/www.kalbus.de\/wp-content\/uploads\/2022\/08\/DSCF9396-300x200.jpg 300w, https:\/\/www.kalbus.de\/wp-content\/uploads\/2022\/08\/DSCF9396-768x512.jpg 768w, https:\/\/www.kalbus.de\/wp-content\/uploads\/2022\/08\/DSCF9396-1536x1024.jpg 1536w, https:\/\/www.kalbus.de\/wp-content\/uploads\/2022\/08\/DSCF9396.jpg 1800w\" sizes=\"auto, (max-width: 1024px) 100vw, 1024px\" \/><\/figure>\n\n\n\n<figure class=\"wp-block-image size-large\"><img loading=\"lazy\" decoding=\"async\" width=\"1024\" height=\"683\" src=\"https:\/\/www.kalbus.de\/wp-content\/uploads\/2022\/08\/DSCF9383-1024x683.jpg\" alt=\"\" class=\"wp-image-1080\" srcset=\"https:\/\/www.kalbus.de\/wp-content\/uploads\/2022\/08\/DSCF9383-1024x683.jpg 1024w, https:\/\/www.kalbus.de\/wp-content\/uploads\/2022\/08\/DSCF9383-300x200.jpg 300w, https:\/\/www.kalbus.de\/wp-content\/uploads\/2022\/08\/DSCF9383-768x512.jpg 768w, https:\/\/www.kalbus.de\/wp-content\/uploads\/2022\/08\/DSCF9383-1536x1024.jpg 1536w, https:\/\/www.kalbus.de\/wp-content\/uploads\/2022\/08\/DSCF9383.jpg 1800w\" sizes=\"auto, (max-width: 1024px) 100vw, 1024px\" \/><\/figure>\n\n\n\n<p>Au\u00dfergew\u00f6hnlich ist nicht nur die Klippe sondern auch der stetige Wandel und die helle, fast wei\u00dfe Farbe. Jetzt h\u00e4tte ich noch die &#8220;l\u00e4ngste Treppe D\u00e4nemarks&#8221; an den Strand gehen k\u00f6nnen, aber das war mir dann doch zu viel. Der Blick von hier oben war so viel sch\u00f6ner..<\/p>\n\n\n\n<p>Und damit war es das dann auch mit meinem Besuch an den Kreidefelsen von M\u00f8n. Zur\u00fcck zum Campingplatz und an den Strand. Heute war das Meer so viel ruhiger als gestern und vorgestern und auch einiges klarer, aber leider auch um ein paar Grad k\u00e4lter&#8230; Wenn M\u00e4nner zu M\u00e4dchen werden, aber das hat mich nicht abgehalten zu schwimmen. Im Nordpolarmeer hatte ich mich doch auch ins Wasser getraut. (okay nur die Beine)<\/p>\n\n\n\n<p>Und ich stelle fest, dass mein Urlaub allm\u00e4hlich zu Ende geht. Am Freitag geht meine F\u00e4hre wieder zur\u00fcck&#8230; Keine Hektik aufkommen lassen.<\/p>\n","protected":false},"excerpt":{"rendered":"<p>so hei\u00dfen die Kreidefelsen hier. Die Klippen von M\u00f8n und eine der Natursehensw\u00fcrdigkeiten in D\u00e4nemark. Wer schon einmal auf R\u00fcgen war, dem wird das hier sehr bekannt vorkommen. Sind doch diese Kreidefelsen und die auf R\u00fcgen geologisch aus der selben Zeit. Sie sind hier jedoch etwas gr\u00f6\u00dfer und sch\u00f6ner &#8211; oder liegt das nur daran, &hellip; <a href=\"https:\/\/www.kalbus.de\/?p=1070\" class=\"more-link\"><span class=\"screen-reader-text\">M\u00f8ns Klint<\/span> weiterlesen<\/a><\/p>\n","protected":false},"author":1,"featured_media":0,"comment_status":"closed","ping_status":"closed","sticky":false,"template":"","format":"standard","meta":{"_jetpack_memberships_contains_paid_content":false,"footnotes":"","jetpack_publicize_message":"","jetpack_publicize_feature_enabled":true,"jetpack_social_post_already_shared":true,"jetpack_social_options":{"image_generator_settings":{"template":"highway","default_image_id":0,"font":"","enabled":false},"version":2}},"categories":[71,57],"tags":[72],"class_list":["post-1070","post","type-post","status-publish","format-standard","hentry","category-daenemark-2022","category-reisen","tag-daenemark-2022"],"jetpack_publicize_connections":[],"jetpack_featured_media_url":"","jetpack_shortlink":"https:\/\/wp.me\/p2LFC5-hg","jetpack_sharing_enabled":true,"_links":{"self":[{"href":"https:\/\/www.kalbus.de\/index.php?rest_route=\/wp\/v2\/posts\/1070","targetHints":{"allow":["GET"]}}],"collection":[{"href":"https:\/\/www.kalbus.de\/index.php?rest_route=\/wp\/v2\/posts"}],"about":[{"href":"https:\/\/www.kalbus.de\/index.php?rest_route=\/wp\/v2\/types\/post"}],"author":[{"embeddable":true,"href":"https:\/\/www.kalbus.de\/index.php?rest_route=\/wp\/v2\/users\/1"}],"replies":[{"embeddable":true,"href":"https:\/\/www.kalbus.de\/index.php?rest_route=%2Fwp%2Fv2%2Fcomments&post=1070"}],"version-history":[{"count":3,"href":"https:\/\/www.kalbus.de\/index.php?rest_route=\/wp\/v2\/posts\/1070\/revisions"}],"predecessor-version":[{"id":1089,"href":"https:\/\/www.kalbus.de\/index.php?rest_route=\/wp\/v2\/posts\/1070\/revisions\/1089"}],"wp:attachment":[{"href":"https:\/\/www.kalbus.de\/index.php?rest_route=%2Fwp%2Fv2%2Fmedia&parent=1070"}],"wp:term":[{"taxonomy":"category","embeddable":true,"href":"https:\/\/www.kalbus.de\/index.php?rest_route=%2Fwp%2Fv2%2Fcategories&post=1070"},{"taxonomy":"post_tag","embeddable":true,"href":"https:\/\/www.kalbus.de\/index.php?rest_route=%2Fwp%2Fv2%2Ftags&post=1070"}],"curies":[{"name":"wp","href":"https:\/\/api.w.org\/{rel}","templated":true}]}}